{"id":9461,"date":"2017-04-10T14:11:55","date_gmt":"2017-04-10T12:11:55","guid":{"rendered":"http:\/\/blog.magenarquitectos.com\/?p=9461"},"modified":"2021-06-17T10:32:46","modified_gmt":"2021-06-17T10:32:46","slug":"mesa-redonda-viviendas-del-s-xxi-retos-y-oportunidades","status":"publish","type":"post","link":"https:\/\/magenarquitectos.com\/en\/mesa-redonda-viviendas-del-s-xxi-retos-y-oportunidades\/","title":{"rendered":"Mesa redonda &#8220;Viviendas del s. XXI: Retos y oportunidades&#8221;"},"content":{"rendered":"<p><img loading=\"lazy\" class=\"aligncenter size-full wp-image-9462\" src=\"https:\/\/magenarquitectos.com\/wp-content\/uploads\/2021\/06\/Portadas1.jpg\" alt=\"Portadas1\" width=\"886\" height=\"575\" title=\"\"><\/p>\n<p>El pr\u00f3ximo jueves 20 de abril, a las 19:30 h. en el patio de la Sede Colegial (c\/ San Voto, 7), tendr\u00e1 lugar una mesa redonda bajo el t\u00edtulo \u201cViviendas del s. XXI: retos y oportunidades\u201d, en la que se propone una reflexi\u00f3n abierta, plural y participativa sobre las posibilidades y las restricciones impl\u00edcitas en el proyecto y la construcci\u00f3n actual de viviendas, desde la condici\u00f3n disciplinar de la arquitectura, pero con un enfoque multidisciplinar, abordando diferentes escalas y enfoques: urbano, social, medioambiental, normativo, constructivo, etc<\/p>\n<p>La mesa redonda estar\u00e1 presidida por Jos\u00e9 Luis Soro, Consejero de Vertebraci\u00f3n del Territorio, Movilidad y Vivienda del Gobierno de Arag\u00f3n; por Ricardo Marco, Decano del Colegio Oficial de Arquitectos de Arag\u00f3n y por Carlos Labarta, profesor de Proyectos Arquitect\u00f3nicos de la Escuela de Ingenier\u00eda y Arquitectura de la Universidad de Zaragoza. Como moderadores estar\u00e1n Jaime Mag\u00e9n e Ignacio G. Olalla, comisarios de la exposici\u00f3n \u201cCommon Housing \u2013 vivienda colectiva en Arag\u00f3n 2000-2020\u201d, cuyo libro-cat\u00e1logo tambi\u00e9n se presentar\u00e1 en este mismo acto.<\/p>\n","protected":false},"excerpt":{"rendered":"<p>El pr\u00f3ximo jueves 20 de abril, a las 19:30 h. en el patio de la Sede Colegial (c\/ San Voto, 7), tendr\u00e1 lugar una mesa redonda bajo el t\u00edtulo \u201cViviendas del s. XXI: retos y oportunidades\u201d, en la que se propone una reflexi\u00f3n abierta, plural y participativa sobre las posibilidades y las restricciones impl\u00edcitas en [&hellip;]<\/p>\n","protected":false},"author":1,"featured_media":0,"comment_status":"open","ping_status":"open","sticky":false,"template":"","format":"standard","meta":{"_monsterinsights_skip_tracking":false,"_monsterinsights_sitenote_active":false,"_monsterinsights_sitenote_note":"","_monsterinsights_sitenote_category":0},"categories":[204,69,90,194,95],"tags":[115,68,96,99,74],"_links":{"self":[{"href":"https:\/\/magenarquitectos.com\/en\/wp-json\/wp\/v2\/posts\/9461"}],"collection":[{"href":"https:\/\/magenarquitectos.com\/en\/wp-json\/wp\/v2\/posts"}],"about":[{"href":"https:\/\/magenarquitectos.com\/en\/wp-json\/wp\/v2\/types\/post"}],"author":[{"embeddable":true,"href":"https:\/\/magenarquitectos.com\/en\/wp-json\/wp\/v2\/users\/1"}],"replies":[{"embeddable":true,"href":"https:\/\/magenarquitectos.com\/en\/wp-json\/wp\/v2\/comments?post=9461"}],"version-history":[{"count":1,"href":"https:\/\/magenarquitectos.com\/en\/wp-json\/wp\/v2\/posts\/9461\/revisions"}],"predecessor-version":[{"id":12545,"href":"https:\/\/magenarquitectos.com\/en\/wp-json\/wp\/v2\/posts\/9461\/revisions\/12545"}],"wp:attachment":[{"href":"https:\/\/magenarquitectos.com\/en\/wp-json\/wp\/v2\/media?parent=9461"}],"wp:term":[{"taxonomy":"category","embeddable":true,"href":"https:\/\/magenarquitectos.com\/en\/wp-json\/wp\/v2\/categories?post=9461"},{"taxonomy":"post_tag","embeddable":true,"href":"https:\/\/magenarquitectos.com\/en\/wp-json\/wp\/v2\/tags?post=9461"}],"curies":[{"name":"wp","href":"https:\/\/api.w.org\/{rel}","templated":true}]}}