{"id":9488,"date":"2017-07-11T14:12:27","date_gmt":"2017-07-11T12:12:27","guid":{"rendered":"http:\/\/blog.magenarquitectos.com\/?p=9488"},"modified":"2021-06-17T10:32:46","modified_gmt":"2021-06-17T10:32:46","slug":"abitare-sociale-modelli-architettonici-e-urbanistici-por-lhousing-alinea-editrice","status":"publish","type":"post","link":"https:\/\/magenarquitectos.com\/en\/abitare-sociale-modelli-architettonici-e-urbanistici-por-lhousing-alinea-editrice\/","title":{"rendered":"&#8220;Abitare sociale. Modelli architettonici e urbanistici per l\u00b4housing&#8221;. Alinea Editrice"},"content":{"rendered":"<p><img loading=\"lazy\" class=\"aligncenter size-full wp-image-9496\" src=\"https:\/\/magenarquitectos.com\/wp-content\/uploads\/2021\/06\/DeLuca001.jpg\" alt=\"Magen Arquitectos Zaragoza\" width=\"591\" height=\"886\" title=\"\"><\/p>\n<p><img loading=\"lazy\" class=\"aligncenter size-full wp-image-9497\" src=\"https:\/\/magenarquitectos.com\/wp-content\/uploads\/2021\/06\/DeLuca101.jpg\" alt=\"Magen Arquitectos Zaragoza\" width=\"591\" height=\"886\" title=\"\"><\/p>\n<p><img loading=\"lazy\" class=\"aligncenter size-full wp-image-9498\" src=\"https:\/\/magenarquitectos.com\/wp-content\/uploads\/2021\/06\/DeLuca135.jpg\" alt=\"Magen Arquitectos Zaragoza\" width=\"591\" height=\"886\" title=\"\"><\/p>\n<p><img loading=\"lazy\" class=\"aligncenter size-full wp-image-9499\" src=\"https:\/\/magenarquitectos.com\/wp-content\/uploads\/2021\/06\/DeLuca139b.jpg\" alt=\"Magen Arquitectos Zaragoza\" width=\"591\" height=\"886\" title=\"\"><\/p>\n<p><img loading=\"lazy\" class=\"aligncenter size-full wp-image-9500\" src=\"https:\/\/magenarquitectos.com\/wp-content\/uploads\/2021\/06\/DeLuca159b.jpg\" alt=\"Magen Arquitectos Zaragoza\" width=\"591\" height=\"886\" title=\"\"><br \/>\nThe book \u201cAbitare sociale. Modelli architettonici e urbanisitici per l\u00b4housing\u201d, coordinated by Fabrizio Rossi (University degli Studi di Firenze), addresses an intense research about contemporary social housing, through the analysis of selected works by Steven Holl, Mag\u00e9n Arquitectos, Sergison Bates, Josep Llu\u00eds Mateo, Foreign Office Architects, Cino Zucchi, Sergi Serrat, MVRDV y Wiel Arets, among others.<\/p>\n<p>El libro &#8220;Abitare sociale. Modelli architettonici e urbanisitici per l\u00b4housing&#8221;, coordinado por Fabrizio Rossi (University degli Studi di Firenze), aborda una intensa investigaci\u00f3n sobre la vivienda social contempor\u00e1nea , a partir del an\u00e1lisis de proyectos residenciales de Steven Holl, Mag\u00e9n Arquitectos, Sergison Bates, Josep Llu\u00eds Mateo, Foreign Office Architects, Cino Zucchi, Sergi Serrat, MVRDV y Wiel \u00a0Arets, entre otros.<\/p>\n<p>Ita, 22&#215;29,5 cm, 224 p. &#8211; ISBN 978-88-6055-713<\/p>\n<p>+info: <a href=\"http:\/\/magenarquitectos.com\/68-viviendas-vpo-en-zaragoza\/\">68 viviendas\u00a0 VPO en Zaragoza<\/a>, <a href=\"http:\/\/english.magenarquitectos.com\/68-social-housing-in-zaragoza\/\">68 Social Housing in Zaragoza<\/a><\/p>\n<p>&nbsp;<\/p>\n","protected":false},"excerpt":{"rendered":"<p>The book \u201cAbitare sociale. Modelli architettonici e urbanisitici per l\u00b4housing\u201d, coordinated by Fabrizio Rossi (University degli Studi di Firenze), addresses an intense research about contemporary social housing, through the analysis of selected works by Steven Holl, Mag\u00e9n Arquitectos, Sergison Bates, Josep Llu\u00eds Mateo, Foreign Office Architects, Cino Zucchi, Sergi Serrat, MVRDV y Wiel Arets, among [&hellip;]<\/p>\n","protected":false},"author":1,"featured_media":0,"comment_status":"open","ping_status":"open","sticky":false,"template":"","format":"standard","meta":{"_monsterinsights_skip_tracking":false,"_monsterinsights_sitenote_active":false,"_monsterinsights_sitenote_note":"","_monsterinsights_sitenote_category":0},"categories":[90,194,95],"tags":[115,119,98,96,99,74],"_links":{"self":[{"href":"https:\/\/magenarquitectos.com\/en\/wp-json\/wp\/v2\/posts\/9488"}],"collection":[{"href":"https:\/\/magenarquitectos.com\/en\/wp-json\/wp\/v2\/posts"}],"about":[{"href":"https:\/\/magenarquitectos.com\/en\/wp-json\/wp\/v2\/types\/post"}],"author":[{"embeddable":true,"href":"https:\/\/magenarquitectos.com\/en\/wp-json\/wp\/v2\/users\/1"}],"replies":[{"embeddable":true,"href":"https:\/\/magenarquitectos.com\/en\/wp-json\/wp\/v2\/comments?post=9488"}],"version-history":[{"count":1,"href":"https:\/\/magenarquitectos.com\/en\/wp-json\/wp\/v2\/posts\/9488\/revisions"}],"predecessor-version":[{"id":12533,"href":"https:\/\/magenarquitectos.com\/en\/wp-json\/wp\/v2\/posts\/9488\/revisions\/12533"}],"wp:attachment":[{"href":"https:\/\/magenarquitectos.com\/en\/wp-json\/wp\/v2\/media?parent=9488"}],"wp:term":[{"taxonomy":"category","embeddable":true,"href":"https:\/\/magenarquitectos.com\/en\/wp-json\/wp\/v2\/categories?post=9488"},{"taxonomy":"post_tag","embeddable":true,"href":"https:\/\/magenarquitectos.com\/en\/wp-json\/wp\/v2\/tags?post=9488"}],"curies":[{"name":"wp","href":"https:\/\/api.w.org\/{rel}","templated":true}]}}