{"id":9548,"date":"2017-10-06T10:15:30","date_gmt":"2017-10-06T08:15:30","guid":{"rendered":"http:\/\/blog.magenarquitectos.com\/?p=9548"},"modified":"2021-06-17T10:32:46","modified_gmt":"2021-06-17T10:32:46","slug":"magen-arquitectos-rehabilitara-los-juzgados-de-de-la-sota-en-zaragoza","status":"publish","type":"post","link":"https:\/\/magenarquitectos.com\/en\/magen-arquitectos-rehabilitara-los-juzgados-de-de-la-sota-en-zaragoza\/","title":{"rendered":"Mag\u00e9n Arquitectos gana el concurso para la reforma de los Juzgados de Alejandro de la Sota en Zaragoza"},"content":{"rendered":"<p>Mag\u00e9n Arquitectos ha\u00a0resultado ganador del concurso convocado por el\u00a0 Gobierno de Arag\u00f3n para el proyecto de reforma\u00a0de los edificios de Juzgados proyectados por Alejandro de la Sota en Zaragoza en 1986. El proyecto, desarrollado en colaboraci\u00f3n con Ingenier\u00eda Torn\u00e9, adaptar\u00e1 los edificios para albergar la\u00a0nueva sede del Instituto Aragon\u00e9s de Servicios Sociales (IASS).<\/p>\n<p>En la actualidad, Mag\u00e9n Arquitectos tambi\u00e9n est\u00e1 desarrollando el Proyecto de Reforma de la Facultad de Filosof\u00eda y Letras de la Universidad de Zaragoza, de los arquitectos Regino Borobio y Jos\u00e9 Beltr\u00e1n, inaugurado en 1941.<\/p>\n<p><img loading=\"lazy\" class=\"alignleft size-full wp-image-9562\" src=\"https:\/\/magenarquitectos.com\/wp-content\/uploads\/2021\/06\/iass-sota.jpg\" alt=\"arquitectos zaragoza\" width=\"689\" height=\"886\" title=\"\"><\/p>\n","protected":false},"excerpt":{"rendered":"<p>Mag\u00e9n Arquitectos ha\u00a0resultado ganador del concurso convocado por el\u00a0 Gobierno de Arag\u00f3n para el proyecto de reforma\u00a0de los edificios de Juzgados proyectados por Alejandro de la Sota en Zaragoza en 1986. El proyecto, desarrollado en colaboraci\u00f3n con Ingenier\u00eda Torn\u00e9, adaptar\u00e1 los edificios para albergar la\u00a0nueva sede del Instituto Aragon\u00e9s de Servicios Sociales (IASS). En la [&hellip;]<\/p>\n","protected":false},"author":1,"featured_media":0,"comment_status":"open","ping_status":"open","sticky":false,"template":"","format":"standard","meta":{"_monsterinsights_skip_tracking":false,"_monsterinsights_sitenote_active":false,"_monsterinsights_sitenote_note":"","_monsterinsights_sitenote_category":0},"categories":[86,77,65,92],"tags":[100,115,93,94,74],"_links":{"self":[{"href":"https:\/\/magenarquitectos.com\/en\/wp-json\/wp\/v2\/posts\/9548"}],"collection":[{"href":"https:\/\/magenarquitectos.com\/en\/wp-json\/wp\/v2\/posts"}],"about":[{"href":"https:\/\/magenarquitectos.com\/en\/wp-json\/wp\/v2\/types\/post"}],"author":[{"embeddable":true,"href":"https:\/\/magenarquitectos.com\/en\/wp-json\/wp\/v2\/users\/1"}],"replies":[{"embeddable":true,"href":"https:\/\/magenarquitectos.com\/en\/wp-json\/wp\/v2\/comments?post=9548"}],"version-history":[{"count":1,"href":"https:\/\/magenarquitectos.com\/en\/wp-json\/wp\/v2\/posts\/9548\/revisions"}],"predecessor-version":[{"id":12494,"href":"https:\/\/magenarquitectos.com\/en\/wp-json\/wp\/v2\/posts\/9548\/revisions\/12494"}],"wp:attachment":[{"href":"https:\/\/magenarquitectos.com\/en\/wp-json\/wp\/v2\/media?parent=9548"}],"wp:term":[{"taxonomy":"category","embeddable":true,"href":"https:\/\/magenarquitectos.com\/en\/wp-json\/wp\/v2\/categories?post=9548"},{"taxonomy":"post_tag","embeddable":true,"href":"https:\/\/magenarquitectos.com\/en\/wp-json\/wp\/v2\/tags?post=9548"}],"curies":[{"name":"wp","href":"https:\/\/api.w.org\/{rel}","templated":true}]}}