{"id":9553,"date":"2017-10-04T10:49:39","date_gmt":"2017-10-04T08:49:39","guid":{"rendered":"http:\/\/blog.magenarquitectos.com\/?p=9553"},"modified":"2021-06-17T10:32:46","modified_gmt":"2021-06-17T10:32:46","slug":"accesit-premio-garcia-mercadal-en-la-categoria-fomento-y-difusion-de-la-cultura-arquitectonica-2","status":"publish","type":"post","link":"https:\/\/magenarquitectos.com\/en\/accesit-premio-garcia-mercadal-en-la-categoria-fomento-y-difusion-de-la-cultura-arquitectonica-2\/","title":{"rendered":"Acc\u00e9sit Premio Garc\u00eda Mercadal, en la categor\u00eda &#8220;Fomento y difusi\u00f3n de la cultura arquitect\u00f3nica&#8221;"},"content":{"rendered":"<p><img loading=\"lazy\" class=\"aligncenter size-full wp-image-9554\" src=\"https:\/\/magenarquitectos.com\/wp-content\/uploads\/2021\/06\/common_mercadal.jpg\" alt=\"Magen Arquitectos Zaragoza\" width=\"886\" height=\"674\" title=\"\"><\/p>\n<p>El dise\u00f1o expositivo y el cat\u00e1logo de la exposici\u00f3n &#8220;Common Housing. Vivienda colectiva en Arag\u00f3n 2000-2020&#8221; coordinado por Jaime Mag\u00e9n, Ignacio Gonz\u00e1lez Olalla, Marta Quintilla y Carlos Buil, \u00a0ha obtenido un Acc\u00e9sit en la categor\u00eda &#8220;Fomento y Difusi\u00f3n de la Cultura Arquitect\u00f3nica&#8221; en la XXXII edici\u00f3n del Premio Anual de Arquitectura Fernando Garc\u00eda Mercadal, organizado por el Colegio Oficial de Arquitectos de Arag\u00f3n.<\/p>\n<p>El jurado ha concedido el reconocimiento &#8220;porque <span id=\"MainContent_lblContenidoHTML\">con el cuidado dise\u00f1o de la exposici\u00f3n, amparado con criterios de econom\u00eda, est\u00e9tica, durabilidad, facilidad del montaje y versatilidad han sabido transmitir y difundir, apoyados tambi\u00e9n en el cat\u00e1logo editado, las actuaciones residenciales presentes y de futuro en el \u00e1mbito de Arag\u00f3n<\/span>&#8221;<\/p>\n<p>El\u00a0decano del Colegio Oficial de Arag\u00f3n, Ricardo Marco,\u00a0ha entregado el \u00c1ccesit a los autores y promotores, en el transcurso del acto de entrega de premios que ha tenido lugar en el centro Patio de la Infanta de Ibercaja de Zaragoza.<\/p>\n<p>&nbsp;<\/p>\n","protected":false},"excerpt":{"rendered":"<p>El dise\u00f1o expositivo y el cat\u00e1logo de la exposici\u00f3n &#8220;Common Housing. Vivienda colectiva en Arag\u00f3n 2000-2020&#8221; coordinado por Jaime Mag\u00e9n, Ignacio Gonz\u00e1lez Olalla, Marta Quintilla y Carlos Buil, \u00a0ha obtenido un Acc\u00e9sit en la categor\u00eda &#8220;Fomento y Difusi\u00f3n de la Cultura Arquitect\u00f3nica&#8221; en la XXXII edici\u00f3n del Premio Anual de Arquitectura Fernando Garc\u00eda Mercadal, organizado [&hellip;]<\/p>\n","protected":false},"author":1,"featured_media":0,"comment_status":"open","ping_status":"open","sticky":false,"template":"","format":"standard","meta":{"_monsterinsights_skip_tracking":false,"_monsterinsights_sitenote_active":false,"_monsterinsights_sitenote_note":"","_monsterinsights_sitenote_category":0},"categories":[195,204,69,113],"tags":[115,68,74],"_links":{"self":[{"href":"https:\/\/magenarquitectos.com\/en\/wp-json\/wp\/v2\/posts\/9553"}],"collection":[{"href":"https:\/\/magenarquitectos.com\/en\/wp-json\/wp\/v2\/posts"}],"about":[{"href":"https:\/\/magenarquitectos.com\/en\/wp-json\/wp\/v2\/types\/post"}],"author":[{"embeddable":true,"href":"https:\/\/magenarquitectos.com\/en\/wp-json\/wp\/v2\/users\/1"}],"replies":[{"embeddable":true,"href":"https:\/\/magenarquitectos.com\/en\/wp-json\/wp\/v2\/comments?post=9553"}],"version-history":[{"count":1,"href":"https:\/\/magenarquitectos.com\/en\/wp-json\/wp\/v2\/posts\/9553\/revisions"}],"predecessor-version":[{"id":12497,"href":"https:\/\/magenarquitectos.com\/en\/wp-json\/wp\/v2\/posts\/9553\/revisions\/12497"}],"wp:attachment":[{"href":"https:\/\/magenarquitectos.com\/en\/wp-json\/wp\/v2\/media?parent=9553"}],"wp:term":[{"taxonomy":"category","embeddable":true,"href":"https:\/\/magenarquitectos.com\/en\/wp-json\/wp\/v2\/categories?post=9553"},{"taxonomy":"post_tag","embeddable":true,"href":"https:\/\/magenarquitectos.com\/en\/wp-json\/wp\/v2\/tags?post=9553"}],"curies":[{"name":"wp","href":"https:\/\/api.w.org\/{rel}","templated":true}]}}