{"id":9569,"date":"2017-10-20T01:23:48","date_gmt":"2017-10-19T23:23:48","guid":{"rendered":"http:\/\/blog.magenarquitectos.com\/?p=9569"},"modified":"2021-06-17T10:32:46","modified_gmt":"2021-06-17T10:32:46","slug":"concurso-para-un-centro-escolar-y-polideportivo-en-berlin-primer-premio","status":"publish","type":"post","link":"https:\/\/magenarquitectos.com\/en\/concurso-para-un-centro-escolar-y-polideportivo-en-berlin-primer-premio\/","title":{"rendered":"Concurso para un Centro escolar y Polideportivo en Berl\u00edn. Primer Premio"},"content":{"rendered":"<p>El equipo formado por Mag\u00e9n Arquitectos y Sulitze Mu\u00f1oz Arquitectos \u00a0ha obtenido el Primer Premio en la segunda fase del concurso, restringido y an\u00f3nimo, de anteproyectos para un Centro Escolar y Polideportivo en el barrio de Spandau\u00a0de\u00a0Berl\u00edn.<\/p>\n<p>El centro se ubica en un solar de 18.310 m2, en la confluencia de las calles Goltzstrasse y Mertensstrasse (13587 Berl\u00edn Spandau). La superficie construida del edificio docente es de\u00a09.400 m2,\u00a0y\u00a0la del edificio Polideportivo, de\u00a02.050 m2. El presupuesto global de la actuaci\u00f3n es de 22.700.000 euros, y el comienzo de las obras est\u00e1 previsto\u00a0en la segunda mitad de 2019.<br \/>\n<img loading=\"lazy\" class=\"alignleft size-full wp-image-9577\" src=\"https:\/\/magenarquitectos.com\/wp-content\/uploads\/2021\/06\/spandau.jpg\" alt=\"spandau\" width=\"1150\" height=\"753\" title=\"\"><\/p>\n","protected":false},"excerpt":{"rendered":"<p>El equipo formado por Mag\u00e9n Arquitectos y Sulitze Mu\u00f1oz Arquitectos \u00a0ha obtenido el Primer Premio en la segunda fase del concurso, restringido y an\u00f3nimo, de anteproyectos para un Centro Escolar y Polideportivo en el barrio de Spandau\u00a0de\u00a0Berl\u00edn. El centro se ubica en un solar de 18.310 m2, en la confluencia de las calles Goltzstrasse y [&hellip;]<\/p>\n","protected":false},"author":1,"featured_media":0,"comment_status":"open","ping_status":"open","sticky":false,"template":"","format":"standard","meta":{"_monsterinsights_skip_tracking":false,"_monsterinsights_sitenote_active":false,"_monsterinsights_sitenote_note":"","_monsterinsights_sitenote_category":0},"categories":[195,202,75,65,139,113],"tags":[115,80,140,176,74],"_links":{"self":[{"href":"https:\/\/magenarquitectos.com\/en\/wp-json\/wp\/v2\/posts\/9569"}],"collection":[{"href":"https:\/\/magenarquitectos.com\/en\/wp-json\/wp\/v2\/posts"}],"about":[{"href":"https:\/\/magenarquitectos.com\/en\/wp-json\/wp\/v2\/types\/post"}],"author":[{"embeddable":true,"href":"https:\/\/magenarquitectos.com\/en\/wp-json\/wp\/v2\/users\/1"}],"replies":[{"embeddable":true,"href":"https:\/\/magenarquitectos.com\/en\/wp-json\/wp\/v2\/comments?post=9569"}],"version-history":[{"count":1,"href":"https:\/\/magenarquitectos.com\/en\/wp-json\/wp\/v2\/posts\/9569\/revisions"}],"predecessor-version":[{"id":12491,"href":"https:\/\/magenarquitectos.com\/en\/wp-json\/wp\/v2\/posts\/9569\/revisions\/12491"}],"wp:attachment":[{"href":"https:\/\/magenarquitectos.com\/en\/wp-json\/wp\/v2\/media?parent=9569"}],"wp:term":[{"taxonomy":"category","embeddable":true,"href":"https:\/\/magenarquitectos.com\/en\/wp-json\/wp\/v2\/categories?post=9569"},{"taxonomy":"post_tag","embeddable":true,"href":"https:\/\/magenarquitectos.com\/en\/wp-json\/wp\/v2\/tags?post=9569"}],"curies":[{"name":"wp","href":"https:\/\/api.w.org\/{rel}","templated":true}]}}