{"id":9596,"date":"2017-12-22T21:10:10","date_gmt":"2017-12-22T20:10:10","guid":{"rendered":"http:\/\/blog.magenarquitectos.com\/?p=9596"},"modified":"2021-06-17T10:32:46","modified_gmt":"2021-06-17T10:32:46","slug":"concurso-para-la-reforma-del-palacio-de-los-luna-de-zaragoza","status":"publish","type":"post","link":"https:\/\/magenarquitectos.com\/en\/concurso-para-la-reforma-del-palacio-de-los-luna-de-zaragoza\/","title":{"rendered":"Concurso para la Reforma del Palacio de los Luna de Zaragoza"},"content":{"rendered":"<p><img loading=\"lazy\" class=\"alignleft size-full wp-image-9597\" src=\"https:\/\/magenarquitectos.com\/wp-content\/uploads\/2021\/06\/Audiencia.jpg\" alt=\"audiencia zaragoza\" width=\"786\" height=\"686\" title=\"\">La propuesta de adjudicaci\u00f3n del concurso para la Reforma del Palacio de los Luna de Zaragoza est\u00e1 pendiente de una baja temeraria. Entre las restantes ofertas, la propuesta presentada por la <em>UTE<\/em> <em>Mag\u00e9n Arquitectos SLP, A.C.T.A. SLP, Ingenier\u00eda Zaro SL <\/em>ha obtenido la puntuaci\u00f3n global m\u00e1s alta. El adjudicatario resultar\u00e1 de la tramitaci\u00f3n del procedimiento previsto en el TRLCSP para bajas identificadas como anormales o desproporcionadas.<\/p>\n<p>&nbsp;<\/p>\n","protected":false},"excerpt":{"rendered":"<p>La propuesta de adjudicaci\u00f3n del concurso para la Reforma del Palacio de los Luna de Zaragoza est\u00e1 pendiente de una baja temeraria. Entre las restantes ofertas, la propuesta presentada por la UTE Mag\u00e9n Arquitectos SLP, A.C.T.A. SLP, Ingenier\u00eda Zaro SL ha obtenido la puntuaci\u00f3n global m\u00e1s alta. El adjudicatario resultar\u00e1 de la tramitaci\u00f3n del procedimiento [&hellip;]<\/p>\n","protected":false},"author":1,"featured_media":0,"comment_status":"open","ping_status":"open","sticky":false,"template":"","format":"standard","meta":{"_monsterinsights_skip_tracking":false,"_monsterinsights_sitenote_active":false,"_monsterinsights_sitenote_note":"","_monsterinsights_sitenote_category":0},"categories":[202,75,77,66,92],"tags":[115,74],"_links":{"self":[{"href":"https:\/\/magenarquitectos.com\/en\/wp-json\/wp\/v2\/posts\/9596"}],"collection":[{"href":"https:\/\/magenarquitectos.com\/en\/wp-json\/wp\/v2\/posts"}],"about":[{"href":"https:\/\/magenarquitectos.com\/en\/wp-json\/wp\/v2\/types\/post"}],"author":[{"embeddable":true,"href":"https:\/\/magenarquitectos.com\/en\/wp-json\/wp\/v2\/users\/1"}],"replies":[{"embeddable":true,"href":"https:\/\/magenarquitectos.com\/en\/wp-json\/wp\/v2\/comments?post=9596"}],"version-history":[{"count":1,"href":"https:\/\/magenarquitectos.com\/en\/wp-json\/wp\/v2\/posts\/9596\/revisions"}],"predecessor-version":[{"id":12482,"href":"https:\/\/magenarquitectos.com\/en\/wp-json\/wp\/v2\/posts\/9596\/revisions\/12482"}],"wp:attachment":[{"href":"https:\/\/magenarquitectos.com\/en\/wp-json\/wp\/v2\/media?parent=9596"}],"wp:term":[{"taxonomy":"category","embeddable":true,"href":"https:\/\/magenarquitectos.com\/en\/wp-json\/wp\/v2\/categories?post=9596"},{"taxonomy":"post_tag","embeddable":true,"href":"https:\/\/magenarquitectos.com\/en\/wp-json\/wp\/v2\/tags?post=9596"}],"curies":[{"name":"wp","href":"https:\/\/api.w.org\/{rel}","templated":true}]}}