{"id":9604,"date":"2018-01-02T16:45:55","date_gmt":"2018-01-02T15:45:55","guid":{"rendered":"http:\/\/blog.magenarquitectos.com\/?p=9604"},"modified":"2021-06-17T10:32:46","modified_gmt":"2021-06-17T10:32:46","slug":"2017-resumen-grafico","status":"publish","type":"post","link":"https:\/\/magenarquitectos.com\/en\/2017-resumen-grafico\/","title":{"rendered":"2017. Resumen gr\u00e1fico"},"content":{"rendered":"<p><img loading=\"lazy\" class=\"alignleft size-full wp-image-9605\" src=\"https:\/\/magenarquitectos.com\/wp-content\/uploads\/2021\/06\/2017_res.jpg\" alt=\"Magen Arquitectos Zaragoza\" width=\"1667\" height=\"1499\" title=\"\"><\/p>\n<p><strong>(1)<\/strong> Magen Arquitectos dise\u00f1a la nueva oficina de Arquia Banca en Zaragoza \/ Magen Arquitectos designs the new office of Arquia Banca in Zaragoza<\/p>\n<p><strong>(2)<\/strong> En construcci\u00f3n: <a href=\"http:\/\/magenarquitectos.com\/auditorio-de-illueca\/\">Auditorio de Illueca<\/a> [ir] \/ In progress: <a href=\"http:\/\/english.magenarquitectos.com\/illueca-auditorium\/\">Auditorium in Illueca<\/a> [go]<\/p>\n<p><strong>(3)<\/strong> El <a href=\"http:\/\/magenarquitectos.com\/ayuntamiento-de-escatron-primera-fase\/\">Ayuntamiento de Escatr\u00f3n<\/a>, entre los Finalistas de los Premios AIT Awards 2018\u00a0 <a href=\"http:\/\/blog.magenarquitectos.com\/2017\/12\/15\/town-hall-of-escatron-among-the-finalists-of-the-ait-awards-2018\/\">[ir]<\/a> \/ <a href=\"http:\/\/english.magenarquitectos.com\/town-hall-in-escatron-first-phase\/\">Town Hall in Escatron<\/a>, among the finalists of the AIT-Award 2018 <a href=\"http:\/\/blog.magenarquitectos.com\/2017\/12\/15\/town-hall-of-escatron-among-the-finalists-of-the-ait-awards-2018\/\">[go]<\/a><\/p>\n<p><strong>(4)<\/strong> Primer Premio en el Concurso para un Centro Escolar y Polideportivo en Berl\u00edn <a href=\"http:\/\/blog.magenarquitectos.com\/2017\/10\/20\/concurso-para-un-centro-escolar-y-polideportivo-en-berlin-primer-premio\/\">[ir]<\/a> \/ 1st Prize in the Competition for a Primary School and Sports Hall in Berlin <a href=\"http:\/\/blog.magenarquitectos.com\/2017\/10\/20\/concurso-para-un-centro-escolar-y-polideportivo-en-berlin-primer-premio\/\">[go]<\/a><\/p>\n<p><strong>(5)<\/strong> En construcci\u00f3n: <a href=\"http:\/\/magenarquitectos.com\/c-e-i-arcosur\/\">Escuela Infantil Arcosur<\/a> [ir] \/ In progress: <a href=\"http:\/\/english.magenarquitectos.com\/kindergarten-arcosur\/\">Kindergarten Arcosur<\/a> [go]<\/p>\n<p><strong>(6)<\/strong> El <a href=\"http:\/\/magenarquitectos.com\/liang-xin-zaragoza\/\">Centro Liang Xin Zaragoza<\/a>, publicado en On Dise\u00f1o n\u00ba370\u00a0 <a href=\"http:\/\/blog.magenarquitectos.com\/2017\/09\/15\/el-centro-liang-xin-publicado-en-on-diseno-no-370\/\">[ir]<\/a> \/ <a href=\"http:\/\/english.magenarquitectos.com\/town-hall-in-escatron-first-phase\/\">Liang Xin Wellness Center<\/a>, published on ON Dise\u00f1o, issue 370 <a href=\"http:\/\/blog.magenarquitectos.com\/2017\/12\/15\/town-hall-of-escatron-among-the-finalists-of-the-ait-awards-2018\/\">[go]<\/a><\/p>\n<p><strong>(7)<\/strong> El dise\u00f1o expositivo y el cat\u00e1logo de la exposici\u00f3n &#8220;Common Housing: Vivienda colectiva en Arag\u00f3n 2000-2020&#8221;, \u00c1ccesit en la XXXII edici\u00f3n del Premio G. Mercadal\u00a0 <a href=\"http:\/\/blog.magenarquitectos.com\/2017\/10\/04\/accesit-premio-garcia-mercadal-en-la-categoria-fomento-y-difusion-de-la-cultura-arquitectonica-2\/\">[ir]<\/a> \/ Design and Catalogue of Exhibition &#8220;Common Housing: collective housing in Aragon: 2000-2020&#8221;, Accesit in XXXII Award G. Mercadal <a href=\"http:\/\/blog.magenarquitectos.com\/2017\/10\/04\/accesit-premio-garcia-mercadal-en-la-categoria-fomento-y-difusion-de-la-cultura-arquitectonica-2\/\">[go]<\/a><\/p>\n<p><strong>(8)<\/strong> Primer Premio en la reforma de los Juzgados de Alejandro de la Sota en Zaragoza\u00a0 <a href=\"http:\/\/blog.magenarquitectos.com\/2016\/05\/18\/iii-congreso-nacional-de-arquitectura-pioneros-de-la-arquitectura-moderna-espanola\/\">[ir]<\/a> \/ 1st Prize in the Competition for the renovation of Law Courts by Alejandro de la Sota in Zaragoza <a href=\"http:\/\/blog.magenarquitectos.com\/2017\/10\/06\/magen-arquitectos-rehabilitara-los-juzgados-de-de-la-sota-en-zaragoza\/\">[go]<\/a><\/p>\n<p><strong>\u00a0<\/strong><\/p>\n","protected":false},"excerpt":{"rendered":"<p>(1) Magen Arquitectos dise\u00f1a la nueva oficina de Arquia Banca en Zaragoza \/ Magen Arquitectos designs the new office of Arquia Banca in Zaragoza (2) En construcci\u00f3n: Auditorio de Illueca [ir] \/ In progress: Auditorium in Illueca [go] (3) El Ayuntamiento de Escatr\u00f3n, entre los Finalistas de los Premios AIT Awards 2018\u00a0 [ir] \/ Town [&hellip;]<\/p>\n","protected":false},"author":1,"featured_media":0,"comment_status":"open","ping_status":"open","sticky":false,"template":"","format":"standard","meta":{"_monsterinsights_skip_tracking":false,"_monsterinsights_sitenote_active":false,"_monsterinsights_sitenote_note":"","_monsterinsights_sitenote_category":0},"categories":[86,195,175,200,220,202,75,196,76,212,213,164,77,78,97,65,66,67,139,132,204,69,125,130,217,113,90,194,92,131,165,146,95,117],"tags":[100,115,62,127,134,80,128,140,68,141,142,70,82,83,74],"_links":{"self":[{"href":"https:\/\/magenarquitectos.com\/en\/wp-json\/wp\/v2\/posts\/9604"}],"collection":[{"href":"https:\/\/magenarquitectos.com\/en\/wp-json\/wp\/v2\/posts"}],"about":[{"href":"https:\/\/magenarquitectos.com\/en\/wp-json\/wp\/v2\/types\/post"}],"author":[{"embeddable":true,"href":"https:\/\/magenarquitectos.com\/en\/wp-json\/wp\/v2\/users\/1"}],"replies":[{"embeddable":true,"href":"https:\/\/magenarquitectos.com\/en\/wp-json\/wp\/v2\/comments?post=9604"}],"version-history":[{"count":1,"href":"https:\/\/magenarquitectos.com\/en\/wp-json\/wp\/v2\/posts\/9604\/revisions"}],"predecessor-version":[{"id":12476,"href":"https:\/\/magenarquitectos.com\/en\/wp-json\/wp\/v2\/posts\/9604\/revisions\/12476"}],"wp:attachment":[{"href":"https:\/\/magenarquitectos.com\/en\/wp-json\/wp\/v2\/media?parent=9604"}],"wp:term":[{"taxonomy":"category","embeddable":true,"href":"https:\/\/magenarquitectos.com\/en\/wp-json\/wp\/v2\/categories?post=9604"},{"taxonomy":"post_tag","embeddable":true,"href":"https:\/\/magenarquitectos.com\/en\/wp-json\/wp\/v2\/tags?post=9604"}],"curies":[{"name":"wp","href":"https:\/\/api.w.org\/{rel}","templated":true}]}}