{"id":9666,"date":"2018-03-16T13:12:24","date_gmt":"2018-03-16T12:12:24","guid":{"rendered":"http:\/\/blog.magenarquitectos.com\/?p=9666"},"modified":"2021-06-17T10:32:46","modified_gmt":"2021-06-17T10:32:46","slug":"presentacion-del-proyecto-de-reforma-y-ampliacion-de-la-facultad-de-filosofia-y-letras-de-la-universidad-de-zaragoza","status":"publish","type":"post","link":"https:\/\/magenarquitectos.com\/en\/presentacion-del-proyecto-de-reforma-y-ampliacion-de-la-facultad-de-filosofia-y-letras-de-la-universidad-de-zaragoza\/","title":{"rendered":"Presentaci\u00f3n del Proyecto de Reforma y Ampliaci\u00f3n de la Facultad de Filosof\u00eda y Letras de la Universidad de Zaragoza"},"content":{"rendered":"<p>El pasado mi\u00e9rcoles 14 de Marzo tuvo lugar la presentaci\u00f3n t\u00e9cnica del Proyecto para la Reforma y Ampliaci\u00f3n de la Facultad de Filosof\u00eda y Letras de la Universidad de Zaragoza, redactado por la U.T.E. Mag\u00e9n Arquitectos &#8211; Ingenier\u00eda Torn\u00e9. El acto tuvo lugar en el Aula Magna de la Facultad y cont\u00f3 con la asistencia y participaci\u00f3n del Presidente del Gobierno de Arag\u00f3n, D. Javier Lamb\u00e1n, el Rector de la Universidad de Zaragoza, D. Jos\u00e9 Antonio Mayoral, la Consejera de Innovaci\u00f3n, Investigaci\u00f3n y Universidad, D\u00f1a. Pilar Alegr\u00eda, el Decano de la Facultad de Filosof\u00eda y Letras D. El\u00edseo Serrano, el arquitecto responsable del proyecto D. Jaime Mag\u00e9n, en representaci\u00f3n de Mag\u00e9n Arquitectos, y el ingeniero responsable de las instalaciones, D. Sergio Torn\u00e9, en representaci\u00f3n de Ingenier\u00eda Torn\u00e9.<\/p>\n<p><a href=\"https:\/\/www.heraldo.es\/noticias\/aragon\/zaragoza-provincia\/zaragoza\/2018\/03\/14\/asi-sera-nueva-facultad-filosofia-letras-1229974-301.html\" rel=\"nofollow noopener\" target=\"_blank\">+info<\/a><\/p>\n<p><img loading=\"lazy\" class=\"alignleft size-full wp-image-9675\" src=\"https:\/\/magenarquitectos.com\/wp-content\/uploads\/2021\/06\/IMG_0024.jpg\" alt=\"IMG_0024\" width=\"2000\" height=\"1525\" title=\"\"><\/p>\n<p>&nbsp;<\/p>\n<p><img loading=\"lazy\" class=\"alignleft size-full wp-image-9676\" src=\"https:\/\/magenarquitectos.com\/wp-content\/uploads\/2021\/06\/IMG_0025.jpg\" alt=\"IMG_0025\" width=\"2000\" height=\"1450\" title=\"\"><img loading=\"lazy\" class=\"alignleft size-full wp-image-9674\" src=\"https:\/\/magenarquitectos.com\/wp-content\/uploads\/2021\/06\/IMG_0023.jpg\" alt=\"IMG_0023\" width=\"1305\" height=\"1820\" title=\"\"><img loading=\"lazy\" class=\"alignleft size-full wp-image-9678\" src=\"https:\/\/magenarquitectos.com\/wp-content\/uploads\/2021\/06\/IMG_0072.jpg\" alt=\"IMG_0072\" width=\"1600\" height=\"1200\" title=\"\"><img loading=\"lazy\" class=\"alignleft size-full wp-image-9679\" src=\"https:\/\/magenarquitectos.com\/wp-content\/uploads\/2021\/06\/IMG_0075.jpg\" alt=\"IMG_0075\" width=\"1280\" height=\"854\" title=\"\"><\/p>\n","protected":false},"excerpt":{"rendered":"<p>El pasado mi\u00e9rcoles 14 de Marzo tuvo lugar la presentaci\u00f3n t\u00e9cnica del Proyecto para la Reforma y Ampliaci\u00f3n de la Facultad de Filosof\u00eda y Letras de la Universidad de Zaragoza, redactado por la U.T.E. Mag\u00e9n Arquitectos &#8211; Ingenier\u00eda Torn\u00e9. El acto tuvo lugar en el Aula Magna de la Facultad y cont\u00f3 con la asistencia [&hellip;]<\/p>\n","protected":false},"author":1,"featured_media":0,"comment_status":"open","ping_status":"open","sticky":false,"template":"","format":"standard","meta":{"_monsterinsights_skip_tracking":false,"_monsterinsights_sitenote_active":false,"_monsterinsights_sitenote_note":"","_monsterinsights_sitenote_category":0},"categories":[196,76,78,65,66,139,125,217,113,92,131],"tags":[115,129,134,93,94,82,83,166,74],"_links":{"self":[{"href":"https:\/\/magenarquitectos.com\/en\/wp-json\/wp\/v2\/posts\/9666"}],"collection":[{"href":"https:\/\/magenarquitectos.com\/en\/wp-json\/wp\/v2\/posts"}],"about":[{"href":"https:\/\/magenarquitectos.com\/en\/wp-json\/wp\/v2\/types\/post"}],"author":[{"embeddable":true,"href":"https:\/\/magenarquitectos.com\/en\/wp-json\/wp\/v2\/users\/1"}],"replies":[{"embeddable":true,"href":"https:\/\/magenarquitectos.com\/en\/wp-json\/wp\/v2\/comments?post=9666"}],"version-history":[{"count":1,"href":"https:\/\/magenarquitectos.com\/en\/wp-json\/wp\/v2\/posts\/9666\/revisions"}],"predecessor-version":[{"id":12449,"href":"https:\/\/magenarquitectos.com\/en\/wp-json\/wp\/v2\/posts\/9666\/revisions\/12449"}],"wp:attachment":[{"href":"https:\/\/magenarquitectos.com\/en\/wp-json\/wp\/v2\/media?parent=9666"}],"wp:term":[{"taxonomy":"category","embeddable":true,"href":"https:\/\/magenarquitectos.com\/en\/wp-json\/wp\/v2\/categories?post=9666"},{"taxonomy":"post_tag","embeddable":true,"href":"https:\/\/magenarquitectos.com\/en\/wp-json\/wp\/v2\/tags?post=9666"}],"curies":[{"name":"wp","href":"https:\/\/api.w.org\/{rel}","templated":true}]}}