{"id":9689,"date":"2018-03-17T12:06:55","date_gmt":"2018-03-17T11:06:55","guid":{"rendered":"http:\/\/blog.magenarquitectos.com\/?p=9689"},"modified":"2021-06-17T10:32:46","modified_gmt":"2021-06-17T10:32:46","slug":"video-del-acto-de-presentacion-del-proyecto-de-reforma-y-ampliacion-de-la-facultad-de-filosofia-y-letras-de-la-universidad-de-zaragoza","status":"publish","type":"post","link":"https:\/\/magenarquitectos.com\/en\/video-del-acto-de-presentacion-del-proyecto-de-reforma-y-ampliacion-de-la-facultad-de-filosofia-y-letras-de-la-universidad-de-zaragoza\/","title":{"rendered":"V\u00eddeo del Acto de Presentaci\u00f3n del Proyecto de Reforma y Ampliaci\u00f3n de la Facultad de Filosof\u00eda y Letras de la Universidad de Zaragoza"},"content":{"rendered":"<p><a href=\"https:\/\/www.youtube.com\/watch?v=06zsEVWC5qE&amp;feature=youtu.be\" rel=\"nofollow noopener\" target=\"_blank\"><img loading=\"lazy\" class=\"alignleft size-large wp-image-9688\" src=\"https:\/\/magenarquitectos.com\/wp-content\/uploads\/2021\/06\/img_0088.jpg\" width=\"2436\" height=\"1125\" alt=\"\" title=\"\"><\/a><\/p>\n","protected":false},"excerpt":{"rendered":"","protected":false},"author":1,"featured_media":0,"comment_status":"open","ping_status":"open","sticky":false,"template":"","format":"standard","meta":{"_monsterinsights_skip_tracking":false,"_monsterinsights_sitenote_active":false,"_monsterinsights_sitenote_note":"","_monsterinsights_sitenote_category":0},"categories":[75,196,78,97,65,66,139,132,217,92,146],"tags":[129,134,80,140,93,94,166,74],"_links":{"self":[{"href":"https:\/\/magenarquitectos.com\/en\/wp-json\/wp\/v2\/posts\/9689"}],"collection":[{"href":"https:\/\/magenarquitectos.com\/en\/wp-json\/wp\/v2\/posts"}],"about":[{"href":"https:\/\/magenarquitectos.com\/en\/wp-json\/wp\/v2\/types\/post"}],"author":[{"embeddable":true,"href":"https:\/\/magenarquitectos.com\/en\/wp-json\/wp\/v2\/users\/1"}],"replies":[{"embeddable":true,"href":"https:\/\/magenarquitectos.com\/en\/wp-json\/wp\/v2\/comments?post=9689"}],"version-history":[{"count":1,"href":"https:\/\/magenarquitectos.com\/en\/wp-json\/wp\/v2\/posts\/9689\/revisions"}],"predecessor-version":[{"id":12438,"href":"https:\/\/magenarquitectos.com\/en\/wp-json\/wp\/v2\/posts\/9689\/revisions\/12438"}],"wp:attachment":[{"href":"https:\/\/magenarquitectos.com\/en\/wp-json\/wp\/v2\/media?parent=9689"}],"wp:term":[{"taxonomy":"category","embeddable":true,"href":"https:\/\/magenarquitectos.com\/en\/wp-json\/wp\/v2\/categories?post=9689"},{"taxonomy":"post_tag","embeddable":true,"href":"https:\/\/magenarquitectos.com\/en\/wp-json\/wp\/v2\/tags?post=9689"}],"curies":[{"name":"wp","href":"https:\/\/api.w.org\/{rel}","templated":true}]}}