{"id":9708,"date":"2018-04-09T09:47:46","date_gmt":"2018-04-09T07:47:46","guid":{"rendered":"http:\/\/blog.magenarquitectos.com\/?p=9708"},"modified":"2021-06-17T10:32:46","modified_gmt":"2021-06-17T10:32:46","slug":"estreno-del-nuevo-colegio-publico-arcosur-en-zaragoza","status":"publish","type":"post","link":"https:\/\/magenarquitectos.com\/en\/estreno-del-nuevo-colegio-publico-arcosur-en-zaragoza\/","title":{"rendered":"Primer d\u00eda del nuevo Colegio P\u00fablico Arcosur en Zaragoza"},"content":{"rendered":"<p>Tras unos intensos meses de obras, uno de los proyectos m\u00e1s recientes del estudio -el Centro de Educaci\u00f3n Infantil de Arcosur en Zaragoza- abre hoy sus puertas:<\/p>\n<p><a href=\"http:\/\/cadenaser.com\/emisora\/2018\/04\/08\/radio_zaragoza\/1523177740_192182.html\" rel=\"nofollow noopener\" target=\"_blank\">Cadena Ser<\/a><\/p>\n<p><a href=\"http:\/\/www.elperiodicodearagon.com\/galerias\/aragon\/primer-dia-colegio-arcosur_68543.html?inicio=0&amp;mosaico=off\" rel=\"nofollow noopener\" target=\"_blank\">El peri\u00f3dico de Arag\u00f3n: Galer\u00eda de im\u00e1genes<\/a><\/p>\n<p><img loading=\"lazy\" class=\"aligncenter size-full wp-image-9714\" src=\"https:\/\/magenarquitectos.com\/wp-content\/uploads\/2021\/06\/lr-COLEGIO-ARCOSUR-MG-019.jpg\" alt=\"lr COLEGIO ARCOSUR MG-019\" width=\"800\" height=\"461\" title=\"\"><\/p>\n<p><img loading=\"lazy\" class=\"aligncenter size-full wp-image-9712\" src=\"https:\/\/magenarquitectos.com\/wp-content\/uploads\/2021\/06\/710437_g.jpg\" alt=\"710437_g\" width=\"800\" height=\"509\" title=\"\"><\/p>\n<p><img loading=\"lazy\" class=\"aligncenter size-full wp-image-9715\" src=\"https:\/\/magenarquitectos.com\/wp-content\/uploads\/2021\/06\/710431_g.jpg\" alt=\"710431_g\" width=\"800\" height=\"534\" title=\"\"><\/p>\n<p><img loading=\"lazy\" class=\"aligncenter size-full wp-image-9717\" src=\"https:\/\/magenarquitectos.com\/wp-content\/uploads\/2021\/06\/lr2GIO-ARCOSUR-MG-021.jpg\" alt=\"lr2GIO ARCOSUR MG-021\" width=\"800\" height=\"533\" title=\"\"><\/p>\n<p>&nbsp;<\/p>\n<p><img loading=\"lazy\" class=\"aligncenter size-full wp-image-9721\" src=\"https:\/\/magenarquitectos.com\/wp-content\/uploads\/2021\/06\/lrARCOSUR-MG-010.jpg\" alt=\"lrARCOSUR MG-010\" width=\"800\" height=\"525\" title=\"\"><\/p>\n","protected":false},"excerpt":{"rendered":"<p>Tras unos intensos meses de obras, uno de los proyectos m\u00e1s recientes del estudio -el Centro de Educaci\u00f3n Infantil de Arcosur en Zaragoza- abre hoy sus puertas: Cadena Ser El peri\u00f3dico de Arag\u00f3n: Galer\u00eda de im\u00e1genes &nbsp;<\/p>\n","protected":false},"author":1,"featured_media":0,"comment_status":"open","ping_status":"open","sticky":false,"template":"","format":"standard","meta":{"_monsterinsights_skip_tracking":false,"_monsterinsights_sitenote_active":false,"_monsterinsights_sitenote_note":"","_monsterinsights_sitenote_category":0},"categories":[65,139,132,117],"tags":[115,134,80,140,141,142,74],"_links":{"self":[{"href":"https:\/\/magenarquitectos.com\/en\/wp-json\/wp\/v2\/posts\/9708"}],"collection":[{"href":"https:\/\/magenarquitectos.com\/en\/wp-json\/wp\/v2\/posts"}],"about":[{"href":"https:\/\/magenarquitectos.com\/en\/wp-json\/wp\/v2\/types\/post"}],"author":[{"embeddable":true,"href":"https:\/\/magenarquitectos.com\/en\/wp-json\/wp\/v2\/users\/1"}],"replies":[{"embeddable":true,"href":"https:\/\/magenarquitectos.com\/en\/wp-json\/wp\/v2\/comments?post=9708"}],"version-history":[{"count":1,"href":"https:\/\/magenarquitectos.com\/en\/wp-json\/wp\/v2\/posts\/9708\/revisions"}],"predecessor-version":[{"id":12418,"href":"https:\/\/magenarquitectos.com\/en\/wp-json\/wp\/v2\/posts\/9708\/revisions\/12418"}],"wp:attachment":[{"href":"https:\/\/magenarquitectos.com\/en\/wp-json\/wp\/v2\/media?parent=9708"}],"wp:term":[{"taxonomy":"category","embeddable":true,"href":"https:\/\/magenarquitectos.com\/en\/wp-json\/wp\/v2\/categories?post=9708"},{"taxonomy":"post_tag","embeddable":true,"href":"https:\/\/magenarquitectos.com\/en\/wp-json\/wp\/v2\/tags?post=9708"}],"curies":[{"name":"wp","href":"https:\/\/api.w.org\/{rel}","templated":true}]}}