{"id":9724,"date":"2018-04-11T20:21:16","date_gmt":"2018-04-11T18:21:16","guid":{"rendered":"http:\/\/blog.magenarquitectos.com\/?p=9724"},"modified":"2021-06-17T10:32:45","modified_gmt":"2021-06-17T10:32:45","slug":"120418-1630-conferencia-en-la-etsab-upc-barcelona-geografias-y-limites-construidos-magen-arquitectos","status":"publish","type":"post","link":"https:\/\/magenarquitectos.com\/en\/120418-1630-conferencia-en-la-etsab-upc-barcelona-geografias-y-limites-construidos-magen-arquitectos\/","title":{"rendered":"12\/04\/18, 16:30- Conferencia en la ETSAB UPC, Barcelona: &#8220;Geograf\u00edas y l\u00edmites construidos&#8221;. Mag\u00e9n Arquitectos"},"content":{"rendered":"<p><img loading=\"lazy\" class=\"aligncenter size-full wp-image-9737\" src=\"https:\/\/magenarquitectos.com\/wp-content\/uploads\/2021\/06\/cartel_etsab.jpg\" alt=\"Magen Arquitectos Zaragoza\" width=\"2483\" height=\"7011\" title=\"\"><\/p>\n","protected":false},"excerpt":{"rendered":"","protected":false},"author":1,"featured_media":0,"comment_status":"open","ping_status":"open","sticky":false,"template":"","format":"standard","meta":{"_monsterinsights_skip_tracking":false,"_monsterinsights_sitenote_active":false,"_monsterinsights_sitenote_note":"","_monsterinsights_sitenote_category":0},"categories":[196,164,130,217],"tags":[115,129,216,166,74],"_links":{"self":[{"href":"https:\/\/magenarquitectos.com\/en\/wp-json\/wp\/v2\/posts\/9724"}],"collection":[{"href":"https:\/\/magenarquitectos.com\/en\/wp-json\/wp\/v2\/posts"}],"about":[{"href":"https:\/\/magenarquitectos.com\/en\/wp-json\/wp\/v2\/types\/post"}],"author":[{"embeddable":true,"href":"https:\/\/magenarquitectos.com\/en\/wp-json\/wp\/v2\/users\/1"}],"replies":[{"embeddable":true,"href":"https:\/\/magenarquitectos.com\/en\/wp-json\/wp\/v2\/comments?post=9724"}],"version-history":[{"count":1,"href":"https:\/\/magenarquitectos.com\/en\/wp-json\/wp\/v2\/posts\/9724\/revisions"}],"predecessor-version":[{"id":12407,"href":"https:\/\/magenarquitectos.com\/en\/wp-json\/wp\/v2\/posts\/9724\/revisions\/12407"}],"wp:attachment":[{"href":"https:\/\/magenarquitectos.com\/en\/wp-json\/wp\/v2\/media?parent=9724"}],"wp:term":[{"taxonomy":"category","embeddable":true,"href":"https:\/\/magenarquitectos.com\/en\/wp-json\/wp\/v2\/categories?post=9724"},{"taxonomy":"post_tag","embeddable":true,"href":"https:\/\/magenarquitectos.com\/en\/wp-json\/wp\/v2\/tags?post=9724"}],"curies":[{"name":"wp","href":"https:\/\/api.w.org\/{rel}","templated":true}]}}