{"id":9731,"date":"2018-04-18T21:06:26","date_gmt":"2018-04-18T19:06:26","guid":{"rendered":"http:\/\/blog.magenarquitectos.com\/?p=9731"},"modified":"2021-06-17T10:02:30","modified_gmt":"2021-06-17T10:02:30","slug":"13042018-conferencia-en-la-esarq-uic-magen-arquitectos-intervenciones-en-bordes-urbanos","status":"publish","type":"post","link":"https:\/\/magenarquitectos.com\/en\/13042018-conferencia-en-la-esarq-uic-magen-arquitectos-intervenciones-en-bordes-urbanos\/","title":{"rendered":"13\/04\/2018: Conferencia en la ESARQ UIC: &#8220;Mag\u00e9n Arquitectos: intervenciones en bordes urbanos&#8221;"},"content":{"rendered":"<p>El pasado viernes 13 de Abril tuvo lugar en la Escuela de Arquitectura de la Universidad Internacional de Catalu\u00f1a (ESARQ UIC) la conferencia &#8220;Mag\u00e9n Arquitectos: intervenciones en bordes urbanos&#8221; impartida por Jaime Mag\u00e9n, en el marco de los talleres de Trabajos de Fin de Grado 2017-18.<\/p>\n<p><img loading=\"lazy\" class=\"aligncenter size-full wp-image-9735\" src=\"https:\/\/magenarquitectos.com\/wp-content\/uploads\/2021\/06\/IMG_001523.jpg\" alt=\"IMG_001523\" width=\"1125\" height=\"1112\" title=\"\"><\/p>\n","protected":false},"excerpt":{"rendered":"<p>El pasado viernes 13 de Abril tuvo lugar en la Escuela de Arquitectura de la Universidad Internacional de Catalu\u00f1a (ESARQ UIC) la conferencia &#8220;Mag\u00e9n Arquitectos: intervenciones en bordes urbanos&#8221; impartida por Jaime Mag\u00e9n, en el marco de los talleres de Trabajos de Fin de Grado 2017-18.<\/p>\n","protected":false},"author":1,"featured_media":0,"comment_status":"open","ping_status":"open","sticky":false,"template":"","format":"standard","meta":{"_monsterinsights_skip_tracking":false,"_monsterinsights_sitenote_active":false,"_monsterinsights_sitenote_note":"","_monsterinsights_sitenote_category":0},"categories":[196,164,130,217],"tags":[115,129,216,166,74],"_links":{"self":[{"href":"https:\/\/magenarquitectos.com\/en\/wp-json\/wp\/v2\/posts\/9731"}],"collection":[{"href":"https:\/\/magenarquitectos.com\/en\/wp-json\/wp\/v2\/posts"}],"about":[{"href":"https:\/\/magenarquitectos.com\/en\/wp-json\/wp\/v2\/types\/post"}],"author":[{"embeddable":true,"href":"https:\/\/magenarquitectos.com\/en\/wp-json\/wp\/v2\/users\/1"}],"replies":[{"embeddable":true,"href":"https:\/\/magenarquitectos.com\/en\/wp-json\/wp\/v2\/comments?post=9731"}],"version-history":[{"count":2,"href":"https:\/\/magenarquitectos.com\/en\/wp-json\/wp\/v2\/posts\/9731\/revisions"}],"predecessor-version":[{"id":16342,"href":"https:\/\/magenarquitectos.com\/en\/wp-json\/wp\/v2\/posts\/9731\/revisions\/16342"}],"wp:attachment":[{"href":"https:\/\/magenarquitectos.com\/en\/wp-json\/wp\/v2\/media?parent=9731"}],"wp:term":[{"taxonomy":"category","embeddable":true,"href":"https:\/\/magenarquitectos.com\/en\/wp-json\/wp\/v2\/categories?post=9731"},{"taxonomy":"post_tag","embeddable":true,"href":"https:\/\/magenarquitectos.com\/en\/wp-json\/wp\/v2\/tags?post=9731"}],"curies":[{"name":"wp","href":"https:\/\/api.w.org\/{rel}","templated":true}]}}