{"id":9748,"date":"2018-05-16T15:30:44","date_gmt":"2018-05-16T13:30:44","guid":{"rendered":"http:\/\/blog.magenarquitectos.com\/?p=9748"},"modified":"2021-06-17T10:02:30","modified_gmt":"2021-06-17T10:02:30","slug":"arcosur-kindergarten-aereal-view","status":"publish","type":"post","link":"https:\/\/magenarquitectos.com\/en\/arcosur-kindergarten-aereal-view\/","title":{"rendered":"Arcosur Kindergarten. Aerial view"},"content":{"rendered":"<div style=\"width: 640px;\" class=\"wp-video\"><!--[if lt IE 9]><script>document.createElement('video');<\/script><![endif]-->\n<video class=\"wp-video-shortcode\" id=\"video-9748-1\" width=\"640\" height=\"360\" preload=\"metadata\" controls=\"controls\"><source type=\"video\/mp4\" src=\"http:\/\/blog.magenarquitectos.com\/wp-content\/uploads\/2018\/05\/a1d8e6a9-a967-4d39-9c85-a41d7d3af1ff-1.mp4?_=1\" \/><a href=\"http:\/\/blog.magenarquitectos.com\/wp-content\/uploads\/2018\/05\/a1d8e6a9-a967-4d39-9c85-a41d7d3af1ff-1.mp4\">http:\/\/blog.magenarquitectos.com\/wp-content\/uploads\/2018\/05\/a1d8e6a9-a967-4d39-9c85-a41d7d3af1ff-1.mp4<\/a><\/video><\/div>\n<p>By Rub\u00e9n P\u00e9rez Besc\u00f3s<\/p>\n","protected":false},"excerpt":{"rendered":"<p>By Rub\u00e9n P\u00e9rez Besc\u00f3s<\/p>\n","protected":false},"author":1,"featured_media":0,"comment_status":"open","ping_status":"open","sticky":false,"template":"","format":"standard","meta":{"_monsterinsights_skip_tracking":false,"_monsterinsights_sitenote_active":false,"_monsterinsights_sitenote_note":"","_monsterinsights_sitenote_category":0},"categories":[65,139,146],"tags":[222,115,134,80,140,141,142,74],"_links":{"self":[{"href":"https:\/\/magenarquitectos.com\/en\/wp-json\/wp\/v2\/posts\/9748"}],"collection":[{"href":"https:\/\/magenarquitectos.com\/en\/wp-json\/wp\/v2\/posts"}],"about":[{"href":"https:\/\/magenarquitectos.com\/en\/wp-json\/wp\/v2\/types\/post"}],"author":[{"embeddable":true,"href":"https:\/\/magenarquitectos.com\/en\/wp-json\/wp\/v2\/users\/1"}],"replies":[{"embeddable":true,"href":"https:\/\/magenarquitectos.com\/en\/wp-json\/wp\/v2\/comments?post=9748"}],"version-history":[{"count":1,"href":"https:\/\/magenarquitectos.com\/en\/wp-json\/wp\/v2\/posts\/9748\/revisions"}],"predecessor-version":[{"id":12397,"href":"https:\/\/magenarquitectos.com\/en\/wp-json\/wp\/v2\/posts\/9748\/revisions\/12397"}],"wp:attachment":[{"href":"https:\/\/magenarquitectos.com\/en\/wp-json\/wp\/v2\/media?parent=9748"}],"wp:term":[{"taxonomy":"category","embeddable":true,"href":"https:\/\/magenarquitectos.com\/en\/wp-json\/wp\/v2\/categories?post=9748"},{"taxonomy":"post_tag","embeddable":true,"href":"https:\/\/magenarquitectos.com\/en\/wp-json\/wp\/v2\/tags?post=9748"}],"curies":[{"name":"wp","href":"https:\/\/api.w.org\/{rel}","templated":true}]}}