{"id":9764,"date":"2018-06-22T16:51:25","date_gmt":"2018-06-22T14:51:25","guid":{"rendered":"http:\/\/blog.magenarquitectos.com\/?p=9764"},"modified":"2021-06-17T10:02:30","modified_gmt":"2021-06-17T10:02:30","slug":"nueva-sucursal-de-arquia-banca-en-zaragoza","status":"publish","type":"post","link":"https:\/\/magenarquitectos.com\/en\/nueva-sucursal-de-arquia-banca-en-zaragoza\/","title":{"rendered":"Nueva sucursal de Arquia banca en Zaragoza"},"content":{"rendered":"<p><img loading=\"lazy\" class=\"aligncenter size-full wp-image-9765\" src=\"https:\/\/magenarquitectos.com\/wp-content\/uploads\/2021\/06\/cid_B08985E3-509E-4596-87CE-28F914EF56EC.jpg\" alt=\"arquitecto zaragoza\" width=\"3200\" height=\"2090\" title=\"\"><\/p>\n<p><img loading=\"lazy\" class=\"aligncenter size-full wp-image-9766\" src=\"https:\/\/magenarquitectos.com\/wp-content\/uploads\/2021\/06\/cid_638B56E5-B00C-42DE-A832-57626963592B.jpg\" alt=\"arquitecto zaragoza\" width=\"3200\" height=\"2069\" title=\"\"><\/p>\n<p>Fotograf\u00edas: Rub\u00e9n P\u00e9rez Besc\u00f3s<\/p>\n","protected":false},"excerpt":{"rendered":"<p>Fotograf\u00edas: Rub\u00e9n P\u00e9rez Besc\u00f3s<\/p>\n","protected":false},"author":1,"featured_media":0,"comment_status":"open","ping_status":"open","sticky":false,"template":"","format":"standard","meta":{"_monsterinsights_skip_tracking":false,"_monsterinsights_sitenote_active":false,"_monsterinsights_sitenote_note":"","_monsterinsights_sitenote_category":0},"categories":[86,212,213,65,92,117],"tags":[115,210,72,74],"_links":{"self":[{"href":"https:\/\/magenarquitectos.com\/en\/wp-json\/wp\/v2\/posts\/9764"}],"collection":[{"href":"https:\/\/magenarquitectos.com\/en\/wp-json\/wp\/v2\/posts"}],"about":[{"href":"https:\/\/magenarquitectos.com\/en\/wp-json\/wp\/v2\/types\/post"}],"author":[{"embeddable":true,"href":"https:\/\/magenarquitectos.com\/en\/wp-json\/wp\/v2\/users\/1"}],"replies":[{"embeddable":true,"href":"https:\/\/magenarquitectos.com\/en\/wp-json\/wp\/v2\/comments?post=9764"}],"version-history":[{"count":1,"href":"https:\/\/magenarquitectos.com\/en\/wp-json\/wp\/v2\/posts\/9764\/revisions"}],"predecessor-version":[{"id":12390,"href":"https:\/\/magenarquitectos.com\/en\/wp-json\/wp\/v2\/posts\/9764\/revisions\/12390"}],"wp:attachment":[{"href":"https:\/\/magenarquitectos.com\/en\/wp-json\/wp\/v2\/media?parent=9764"}],"wp:term":[{"taxonomy":"category","embeddable":true,"href":"https:\/\/magenarquitectos.com\/en\/wp-json\/wp\/v2\/categories?post=9764"},{"taxonomy":"post_tag","embeddable":true,"href":"https:\/\/magenarquitectos.com\/en\/wp-json\/wp\/v2\/tags?post=9764"}],"curies":[{"name":"wp","href":"https:\/\/api.w.org\/{rel}","templated":true}]}}