{"id":9769,"date":"2018-07-23T18:31:33","date_gmt":"2018-07-23T16:31:33","guid":{"rendered":"http:\/\/blog.magenarquitectos.com\/?p=9769"},"modified":"2021-06-17T10:02:30","modified_gmt":"2021-06-17T10:02:30","slug":"new-office-for-magen-arquitectos","status":"publish","type":"post","link":"https:\/\/magenarquitectos.com\/en\/new-office-for-magen-arquitectos\/","title":{"rendered":"New office for Magen Arquitectos"},"content":{"rendered":"<div class=\"toexpand\">\n<div class=\"content\">\n<div class=\"copy\">\n<p><img loading=\"lazy\" class=\"aligncenter size-full wp-image-9770\" src=\"https:\/\/magenarquitectos.com\/wp-content\/uploads\/2021\/06\/we-are-moving2.jpg\" alt=\"Magen Arquitectos Zaragoza\" width=\"768\" height=\"984\" title=\"\"><\/p>\n<p>After working in the current space for almost 17 years, Magen Arquitectos will relocate to a new office 24 July. The new office will offer improved areas for working, meeting, presentations and socialising. The new address is: 21 Zurita street, Principal B-Izda, 50001, Zaragoza, Spain.<\/p>\n<p>Despu\u00e9s de 17 a\u00f1os en el anterior estudio, Mag\u00e9n Arquitectos se traslada a un nuevo espacio el 24 de julio. El nuevo estudio ofrecer\u00e1 amplias \u00e1reas de trabajo, relaci\u00f3n, reuni\u00f3n y presentaciones. La nueva direcci\u00f3n es: calle Zurita 21, Principal B-Izda, 50001, Zaragoza.<\/p>\n<p>&nbsp;<\/p>\n<\/div>\n<\/div>\n<\/div>\n","protected":false},"excerpt":{"rendered":"<p>After working in the current space for almost 17 years, Magen Arquitectos will relocate to a new office 24 July. The new office will offer improved areas for working, meeting, presentations and socialising. The new address is: 21 Zurita street, Principal B-Izda, 50001, Zaragoza, Spain. Despu\u00e9s de 17 a\u00f1os en el anterior estudio, Mag\u00e9n Arquitectos [&hellip;]<\/p>\n","protected":false},"author":1,"featured_media":0,"comment_status":"open","ping_status":"open","sticky":false,"template":"","format":"standard","meta":{"_monsterinsights_skip_tracking":false,"_monsterinsights_sitenote_active":false,"_monsterinsights_sitenote_note":"","_monsterinsights_sitenote_category":0},"categories":[86,195,175,200,220,202,75,196,76,212,213,164,77,78,97,65,66,67,139,132,204,69,125,130,217,113,90,194,92,131,165,146,95,117],"tags":[115,74],"_links":{"self":[{"href":"https:\/\/magenarquitectos.com\/en\/wp-json\/wp\/v2\/posts\/9769"}],"collection":[{"href":"https:\/\/magenarquitectos.com\/en\/wp-json\/wp\/v2\/posts"}],"about":[{"href":"https:\/\/magenarquitectos.com\/en\/wp-json\/wp\/v2\/types\/post"}],"author":[{"embeddable":true,"href":"https:\/\/magenarquitectos.com\/en\/wp-json\/wp\/v2\/users\/1"}],"replies":[{"embeddable":true,"href":"https:\/\/magenarquitectos.com\/en\/wp-json\/wp\/v2\/comments?post=9769"}],"version-history":[{"count":1,"href":"https:\/\/magenarquitectos.com\/en\/wp-json\/wp\/v2\/posts\/9769\/revisions"}],"predecessor-version":[{"id":12385,"href":"https:\/\/magenarquitectos.com\/en\/wp-json\/wp\/v2\/posts\/9769\/revisions\/12385"}],"wp:attachment":[{"href":"https:\/\/magenarquitectos.com\/en\/wp-json\/wp\/v2\/media?parent=9769"}],"wp:term":[{"taxonomy":"category","embeddable":true,"href":"https:\/\/magenarquitectos.com\/en\/wp-json\/wp\/v2\/categories?post=9769"},{"taxonomy":"post_tag","embeddable":true,"href":"https:\/\/magenarquitectos.com\/en\/wp-json\/wp\/v2\/tags?post=9769"}],"curies":[{"name":"wp","href":"https:\/\/api.w.org\/{rel}","templated":true}]}}