{"id":9782,"date":"2018-09-14T19:26:51","date_gmt":"2018-09-14T17:26:51","guid":{"rendered":"http:\/\/blog.magenarquitectos.com\/?p=9782"},"modified":"2021-06-17T10:02:30","modified_gmt":"2021-06-17T10:02:30","slug":"from-the-air","status":"publish","type":"post","link":"https:\/\/magenarquitectos.com\/en\/from-the-air\/","title":{"rendered":"From the air"},"content":{"rendered":"<p>Drone footage of the Arcosur Kindergarten seen from the air.<\/p>\n<div style=\"width: 480px;\" class=\"wp-video\"><!--[if lt IE 9]><script>document.createElement('video');<\/script><![endif]-->\n<video class=\"wp-video-shortcode\" id=\"video-9782-1\" width=\"480\" height=\"480\" preload=\"metadata\" controls=\"controls\"><source type=\"video\/mp4\" src=\"http:\/\/blog.magenarquitectos.com\/wp-content\/uploads\/2018\/09\/IMG_0531lr.mp4?_=1\" \/><a href=\"http:\/\/blog.magenarquitectos.com\/wp-content\/uploads\/2018\/09\/IMG_0531lr.mp4\">http:\/\/blog.magenarquitectos.com\/wp-content\/uploads\/2018\/09\/IMG_0531lr.mp4<\/a><\/video><\/div>\n<p>By Rub\u00e9n P\u00e9rez Besc\u00f3s<\/p>\n","protected":false},"excerpt":{"rendered":"<p>Drone footage of the Arcosur Kindergarten seen from the air. By Rub\u00e9n P\u00e9rez Besc\u00f3s<\/p>\n","protected":false},"author":1,"featured_media":0,"comment_status":"open","ping_status":"open","sticky":false,"template":"","format":"standard","meta":{"_monsterinsights_skip_tracking":false,"_monsterinsights_sitenote_active":false,"_monsterinsights_sitenote_note":"","_monsterinsights_sitenote_category":0},"categories":[212,213,65,139],"tags":[115,134,80,140,141,142,74],"_links":{"self":[{"href":"https:\/\/magenarquitectos.com\/en\/wp-json\/wp\/v2\/posts\/9782"}],"collection":[{"href":"https:\/\/magenarquitectos.com\/en\/wp-json\/wp\/v2\/posts"}],"about":[{"href":"https:\/\/magenarquitectos.com\/en\/wp-json\/wp\/v2\/types\/post"}],"author":[{"embeddable":true,"href":"https:\/\/magenarquitectos.com\/en\/wp-json\/wp\/v2\/users\/1"}],"replies":[{"embeddable":true,"href":"https:\/\/magenarquitectos.com\/en\/wp-json\/wp\/v2\/comments?post=9782"}],"version-history":[{"count":1,"href":"https:\/\/magenarquitectos.com\/en\/wp-json\/wp\/v2\/posts\/9782\/revisions"}],"predecessor-version":[{"id":12376,"href":"https:\/\/magenarquitectos.com\/en\/wp-json\/wp\/v2\/posts\/9782\/revisions\/12376"}],"wp:attachment":[{"href":"https:\/\/magenarquitectos.com\/en\/wp-json\/wp\/v2\/media?parent=9782"}],"wp:term":[{"taxonomy":"category","embeddable":true,"href":"https:\/\/magenarquitectos.com\/en\/wp-json\/wp\/v2\/categories?post=9782"},{"taxonomy":"post_tag","embeddable":true,"href":"https:\/\/magenarquitectos.com\/en\/wp-json\/wp\/v2\/tags?post=9782"}],"curies":[{"name":"wp","href":"https:\/\/api.w.org\/{rel}","templated":true}]}}