{"id":9785,"date":"2018-09-18T09:07:05","date_gmt":"2018-09-18T07:07:05","guid":{"rendered":"http:\/\/blog.magenarquitectos.com\/?p=9785"},"modified":"2021-06-17T10:02:30","modified_gmt":"2021-06-17T10:02:30","slug":"el-ayuntamiento-de-escatron-publicado-en-ait","status":"publish","type":"post","link":"https:\/\/magenarquitectos.com\/en\/el-ayuntamiento-de-escatron-publicado-en-ait\/","title":{"rendered":"El Ayuntamiento de  Escatr\u00f3n, publicado en AIT"},"content":{"rendered":"<p><img loading=\"lazy\" class=\"aligncenter size-full wp-image-9786\" src=\"https:\/\/magenarquitectos.com\/wp-content\/uploads\/2021\/06\/AIT_escatron.jpg\" alt=\"Magen Arquitectos Zaragoza\" width=\"1181\" height=\"796\" title=\"\"><\/p>\n<p>El Ayuntamiento de Escatr\u00f3n (Zaragoza), de Mag\u00e9n Arquitectos, publicada en la revista alemana de arquitectura AIT en su n\u00famero 7\/8-2018, dedicado a los Premios AIT 2018.<\/p>\n<p>German architectural publication AIT\u00a0 features the Town Hall in Escatron (Zaragoza), by Mag\u00e9n Arquitectos, in its issue 7\/8-2018, focused on AIT Awards 2018.<\/p>\n<p>+info: <a href=\"http:\/\/magenarquitectos.com\/ayuntamiento-de-escatron-primera-fase\/\">Ayuntamiento de Escatron<\/a>, <a href=\"http:\/\/english.magenarquitectos.com\/town-hall-in-escatron-first-phase\/\">Escatron Town Hall<\/a><\/p>\n","protected":false},"excerpt":{"rendered":"<p>El Ayuntamiento de Escatr\u00f3n (Zaragoza), de Mag\u00e9n Arquitectos, publicada en la revista alemana de arquitectura AIT en su n\u00famero 7\/8-2018, dedicado a los Premios AIT 2018. German architectural publication AIT\u00a0 features the Town Hall in Escatron (Zaragoza), by Mag\u00e9n Arquitectos, in its issue 7\/8-2018, focused on AIT Awards 2018. +info: Ayuntamiento de Escatron, Escatron Town [&hellip;]<\/p>\n","protected":false},"author":1,"featured_media":0,"comment_status":"open","ping_status":"open","sticky":false,"template":"","format":"standard","meta":{"_monsterinsights_skip_tracking":false,"_monsterinsights_sitenote_active":false,"_monsterinsights_sitenote_note":"","_monsterinsights_sitenote_category":0},"categories":[195,77,65,113],"tags":[100,115,127,128,89,74],"_links":{"self":[{"href":"https:\/\/magenarquitectos.com\/en\/wp-json\/wp\/v2\/posts\/9785"}],"collection":[{"href":"https:\/\/magenarquitectos.com\/en\/wp-json\/wp\/v2\/posts"}],"about":[{"href":"https:\/\/magenarquitectos.com\/en\/wp-json\/wp\/v2\/types\/post"}],"author":[{"embeddable":true,"href":"https:\/\/magenarquitectos.com\/en\/wp-json\/wp\/v2\/users\/1"}],"replies":[{"embeddable":true,"href":"https:\/\/magenarquitectos.com\/en\/wp-json\/wp\/v2\/comments?post=9785"}],"version-history":[{"count":1,"href":"https:\/\/magenarquitectos.com\/en\/wp-json\/wp\/v2\/posts\/9785\/revisions"}],"predecessor-version":[{"id":12375,"href":"https:\/\/magenarquitectos.com\/en\/wp-json\/wp\/v2\/posts\/9785\/revisions\/12375"}],"wp:attachment":[{"href":"https:\/\/magenarquitectos.com\/en\/wp-json\/wp\/v2\/media?parent=9785"}],"wp:term":[{"taxonomy":"category","embeddable":true,"href":"https:\/\/magenarquitectos.com\/en\/wp-json\/wp\/v2\/categories?post=9785"},{"taxonomy":"post_tag","embeddable":true,"href":"https:\/\/magenarquitectos.com\/en\/wp-json\/wp\/v2\/tags?post=9785"}],"curies":[{"name":"wp","href":"https:\/\/api.w.org\/{rel}","templated":true}]}}