{"id":9794,"date":"2018-10-05T14:23:51","date_gmt":"2018-10-05T12:23:51","guid":{"rendered":"http:\/\/blog.magenarquitectos.com\/?p=9794"},"modified":"2021-06-17T10:02:30","modified_gmt":"2021-06-17T10:02:30","slug":"entrevista-a-jaime-magen-en-el-periodico-de-aragon","status":"publish","type":"post","link":"https:\/\/magenarquitectos.com\/en\/entrevista-a-jaime-magen-en-el-periodico-de-aragon\/","title":{"rendered":"Entrevista a Jaime Mag\u00e9n en el Peri\u00f3dico de Arag\u00f3n"},"content":{"rendered":"<p><img loading=\"lazy\" class=\"aligncenter size-full wp-image-9795\" src=\"https:\/\/magenarquitectos.com\/wp-content\/uploads\/2021\/06\/64_pdfsam_ARAGON-ed47194.jpg\" alt=\"Magen Arquitectos Zaragoza\" width=\"1188\" height=\"1585\" title=\"\"><\/p>\n","protected":false},"excerpt":{"rendered":"","protected":false},"author":1,"featured_media":0,"comment_status":"open","ping_status":"open","sticky":false,"template":"","format":"standard","meta":{"_monsterinsights_skip_tracking":false,"_monsterinsights_sitenote_active":false,"_monsterinsights_sitenote_note":"","_monsterinsights_sitenote_category":0},"categories":[90,194],"tags":[115,74],"_links":{"self":[{"href":"https:\/\/magenarquitectos.com\/en\/wp-json\/wp\/v2\/posts\/9794"}],"collection":[{"href":"https:\/\/magenarquitectos.com\/en\/wp-json\/wp\/v2\/posts"}],"about":[{"href":"https:\/\/magenarquitectos.com\/en\/wp-json\/wp\/v2\/types\/post"}],"author":[{"embeddable":true,"href":"https:\/\/magenarquitectos.com\/en\/wp-json\/wp\/v2\/users\/1"}],"replies":[{"embeddable":true,"href":"https:\/\/magenarquitectos.com\/en\/wp-json\/wp\/v2\/comments?post=9794"}],"version-history":[{"count":1,"href":"https:\/\/magenarquitectos.com\/en\/wp-json\/wp\/v2\/posts\/9794\/revisions"}],"predecessor-version":[{"id":12369,"href":"https:\/\/magenarquitectos.com\/en\/wp-json\/wp\/v2\/posts\/9794\/revisions\/12369"}],"wp:attachment":[{"href":"https:\/\/magenarquitectos.com\/en\/wp-json\/wp\/v2\/media?parent=9794"}],"wp:term":[{"taxonomy":"category","embeddable":true,"href":"https:\/\/magenarquitectos.com\/en\/wp-json\/wp\/v2\/categories?post=9794"},{"taxonomy":"post_tag","embeddable":true,"href":"https:\/\/magenarquitectos.com\/en\/wp-json\/wp\/v2\/tags?post=9794"}],"curies":[{"name":"wp","href":"https:\/\/api.w.org\/{rel}","templated":true}]}}