{"id":9798,"date":"2018-10-16T16:27:39","date_gmt":"2018-10-16T14:27:39","guid":{"rendered":"http:\/\/blog.magenarquitectos.com\/?p=9798"},"modified":"2021-06-17T10:02:30","modified_gmt":"2021-06-17T10:02:30","slug":"equipo-ganador-del-concurso-para-el-nuevo-centro-de-salud-del-barrio-jesus-de-zaragoza","status":"publish","type":"post","link":"https:\/\/magenarquitectos.com\/en\/equipo-ganador-del-concurso-para-el-nuevo-centro-de-salud-del-barrio-jesus-de-zaragoza\/","title":{"rendered":"Equipo ganador del concurso para el nuevo Centro de Salud del Barrio Jes\u00fas de Zaragoza"},"content":{"rendered":"<p><img loading=\"lazy\" class=\"aligncenter size-large wp-image-9799\" src=\"https:\/\/magenarquitectos.com\/wp-content\/uploads\/2021\/06\/render-centro-salud-1024x724.jpg\" alt=\"arquitecto zaragoza\" width=\"640\" height=\"453\" title=\"\"><\/p>\n<p>La UTE Mag\u00e9n Arquitectos SLP &#8211; Barcos y Enr\u00edquez Arquitectos SLP ha ganado el concurso de proyectos para el nuevo Centro de Salud del Barrio Jes\u00fas de Zaragoza, obteniendo la m\u00e1xima puntuaci\u00f3n t\u00e9cnica.<\/p>\n","protected":false},"excerpt":{"rendered":"<p>La UTE Mag\u00e9n Arquitectos SLP &#8211; Barcos y Enr\u00edquez Arquitectos SLP ha ganado el concurso de proyectos para el nuevo Centro de Salud del Barrio Jes\u00fas de Zaragoza, obteniendo la m\u00e1xima puntuaci\u00f3n t\u00e9cnica.<\/p>\n","protected":false},"author":1,"featured_media":0,"comment_status":"open","ping_status":"open","sticky":false,"template":"","format":"standard","meta":{"_monsterinsights_skip_tracking":false,"_monsterinsights_sitenote_active":false,"_monsterinsights_sitenote_note":"","_monsterinsights_sitenote_category":0},"categories":[195,202,75,65,223],"tags":[115,224,74],"_links":{"self":[{"href":"https:\/\/magenarquitectos.com\/en\/wp-json\/wp\/v2\/posts\/9798"}],"collection":[{"href":"https:\/\/magenarquitectos.com\/en\/wp-json\/wp\/v2\/posts"}],"about":[{"href":"https:\/\/magenarquitectos.com\/en\/wp-json\/wp\/v2\/types\/post"}],"author":[{"embeddable":true,"href":"https:\/\/magenarquitectos.com\/en\/wp-json\/wp\/v2\/users\/1"}],"replies":[{"embeddable":true,"href":"https:\/\/magenarquitectos.com\/en\/wp-json\/wp\/v2\/comments?post=9798"}],"version-history":[{"count":1,"href":"https:\/\/magenarquitectos.com\/en\/wp-json\/wp\/v2\/posts\/9798\/revisions"}],"predecessor-version":[{"id":12366,"href":"https:\/\/magenarquitectos.com\/en\/wp-json\/wp\/v2\/posts\/9798\/revisions\/12366"}],"wp:attachment":[{"href":"https:\/\/magenarquitectos.com\/en\/wp-json\/wp\/v2\/media?parent=9798"}],"wp:term":[{"taxonomy":"category","embeddable":true,"href":"https:\/\/magenarquitectos.com\/en\/wp-json\/wp\/v2\/categories?post=9798"},{"taxonomy":"post_tag","embeddable":true,"href":"https:\/\/magenarquitectos.com\/en\/wp-json\/wp\/v2\/tags?post=9798"}],"curies":[{"name":"wp","href":"https:\/\/api.w.org\/{rel}","templated":true}]}}