{"id":9843,"date":"2018-12-28T09:10:09","date_gmt":"2018-12-28T08:10:09","guid":{"rendered":"http:\/\/blog.magenarquitectos.com\/?p=9843"},"modified":"2021-06-17T10:02:29","modified_gmt":"2021-06-17T10:02:29","slug":"francisco-j-magen-passivehaus-designer-certificado","status":"publish","type":"post","link":"https:\/\/magenarquitectos.com\/en\/francisco-j-magen-passivehaus-designer-certificado\/","title":{"rendered":"Francisco Javier Mag\u00e9n, PassiveHaus Designer certificado"},"content":{"rendered":"<p>Francisco Javier Mag\u00e9n ha recibido su certificaci\u00f3n PassiveHaus Designer, tras superar el examen oficial posterior al curso impartido en el Colegio Oficial de Arquitectos de Arag\u00f3n. \u00a0Este certificado permite desarrollar edificios ECCN bajo el est\u00e1ndar de sostenibilidad Passivhaus.<\/p>\n<p>&nbsp;<\/p>\n<p><img loading=\"lazy\" class=\"aligncenter size-full wp-image-9844\" src=\"https:\/\/magenarquitectos.com\/wp-content\/uploads\/2021\/06\/seal_en.png\" alt=\"seal_en\" width=\"690\" height=\"690\" title=\"\"><\/p>\n","protected":false},"excerpt":{"rendered":"<p>Francisco Javier Mag\u00e9n ha recibido su certificaci\u00f3n PassiveHaus Designer, tras superar el examen oficial posterior al curso impartido en el Colegio Oficial de Arquitectos de Arag\u00f3n. \u00a0Este certificado permite desarrollar edificios ECCN bajo el est\u00e1ndar de sostenibilidad Passivhaus. &nbsp;<\/p>\n","protected":false},"author":1,"featured_media":0,"comment_status":"open","ping_status":"open","sticky":false,"template":"","format":"standard","meta":{"_monsterinsights_skip_tracking":false,"_monsterinsights_sitenote_active":false,"_monsterinsights_sitenote_note":"","_monsterinsights_sitenote_category":0},"categories":[76,130,131],"tags":[115,82,83,74],"_links":{"self":[{"href":"https:\/\/magenarquitectos.com\/en\/wp-json\/wp\/v2\/posts\/9843"}],"collection":[{"href":"https:\/\/magenarquitectos.com\/en\/wp-json\/wp\/v2\/posts"}],"about":[{"href":"https:\/\/magenarquitectos.com\/en\/wp-json\/wp\/v2\/types\/post"}],"author":[{"embeddable":true,"href":"https:\/\/magenarquitectos.com\/en\/wp-json\/wp\/v2\/users\/1"}],"replies":[{"embeddable":true,"href":"https:\/\/magenarquitectos.com\/en\/wp-json\/wp\/v2\/comments?post=9843"}],"version-history":[{"count":1,"href":"https:\/\/magenarquitectos.com\/en\/wp-json\/wp\/v2\/posts\/9843\/revisions"}],"predecessor-version":[{"id":12342,"href":"https:\/\/magenarquitectos.com\/en\/wp-json\/wp\/v2\/posts\/9843\/revisions\/12342"}],"wp:attachment":[{"href":"https:\/\/magenarquitectos.com\/en\/wp-json\/wp\/v2\/media?parent=9843"}],"wp:term":[{"taxonomy":"category","embeddable":true,"href":"https:\/\/magenarquitectos.com\/en\/wp-json\/wp\/v2\/categories?post=9843"},{"taxonomy":"post_tag","embeddable":true,"href":"https:\/\/magenarquitectos.com\/en\/wp-json\/wp\/v2\/tags?post=9843"}],"curies":[{"name":"wp","href":"https:\/\/api.w.org\/{rel}","templated":true}]}}