{"id":9847,"date":"2019-01-02T10:00:27","date_gmt":"2019-01-02T09:00:27","guid":{"rendered":"http:\/\/blog.magenarquitectos.com\/?p=9847"},"modified":"2021-12-28T12:10:10","modified_gmt":"2021-12-28T12:10:10","slug":"2018-resumen-grafico","status":"publish","type":"post","link":"https:\/\/magenarquitectos.com\/en\/2018-resumen-grafico\/","title":{"rendered":"2018. Resumen gr\u00e1fico"},"content":{"rendered":"<p><img loading=\"lazy\" class=\"aligncenter size-full wp-image-9848\" src=\"https:\/\/magenarquitectos.com\/wp-content\/uploads\/2021\/06\/2018_res.jpg\" alt=\"2018_res\" width=\"1667\" height=\"1499\" title=\"\"><\/p>\n<p><strong>(1)<\/strong>\u00a0Nueva oficina de <a href=\"http:\/\/magenarquitectos.com\/arquia-banca-zaragoza\/\">Arquia Banca en Zaragoza<\/a>\u00a0\/ New office of <a href=\"http:\/\/english.magenarquitectos.com\/arquia-banca-zaragoza\/\">Arquia Banca in Zaragoza<\/a><\/p>\n<p><strong>(2)<\/strong>\u00a0Centro Escolar y Polideportivo en Berl\u00edn \/ Primary School and Sports Hall in Berlin<\/p>\n<p><strong>(3)<\/strong> <a href=\"http:\/\/magenarquitectos.com\/ampliacion-instituto-torre-espejos-utebo\/\">Ampliaci\u00f3n del IES Torre de los Espejos<\/a>\u00a0\/ <a href=\"http:\/\/english.magenarquitectos.com\/extension-of-torre-de-los-espejos-high-school\/\">Extension of Torre de los Espejos High School<\/a><\/p>\n<p><strong>(4)<\/strong>\u00a0Francisco J. Mag\u00e9n, PassiveHaus Designer certificado\u00a0<a href=\"http:\/\/blog.magenarquitectos.com\/2018\/12\/28\/francisco-j-magen-passivehaus-designer-certificado\/\">[ir]<\/a> \/ Francisco J. Mag\u00e9n, certified PassiveHaus Designer\u00a0<a href=\"http:\/\/blog.magenarquitectos.com\/2018\/12\/28\/francisco-j-magen-passivehaus-designer-certificado\/\">[go]<\/a><\/p>\n<p><strong>(5)<\/strong> Conferencia en la ETSAB UPC\u00a0\u00a0<a href=\"http:\/\/blog.magenarquitectos.com\/2018\/04\/11\/120418-1630-conferencia-en-la-etsab-upc-barcelona-geografias-y-limites-construidos-magen-arquitectos\/\">[ir]<\/a>\u00a0y en la ESARQ UIC de Barcelona \u00a0<a href=\"http:\/\/blog.magenarquitectos.com\/2018\/04\/18\/13042018-conferencia-en-la-esarq-uic-magen-arquitectos-intervenciones-en-bordes-urbanos\/\">[ir]<\/a>\u00a0\/ Lectures in ETSAB UPC\u00a0<a href=\"http:\/\/blog.magenarquitectos.com\/2018\/04\/11\/120418-1630-conferencia-en-la-etsab-upc-barcelona-geografias-y-limites-construidos-magen-arquitectos\/\">[go]<\/a>\u00a0and ESARQ UIC in Barcelona\u00a0<a href=\"http:\/\/blog.magenarquitectos.com\/2018\/04\/18\/13042018-conferencia-en-la-esarq-uic-magen-arquitectos-intervenciones-en-bordes-urbanos\/\">[go]<\/a><\/p>\n<p><strong>(6)<\/strong> <a href=\"http:\/\/magenarquitectos.com\/c-e-i-arcosur\/\">Escuela Infantil Arcosur<\/a> <a href=\"http:\/\/blog.magenarquitectos.com\/2018\/04\/09\/estreno-del-nuevo-colegio-publico-arcosur-en-zaragoza\/\">[ir]<\/a> \/ <a href=\"http:\/\/english.magenarquitectos.com\/kindergarten-arcosur\/\">Kindergarten Arcosur<\/a> <a href=\"http:\/\/blog.magenarquitectos.com\/2018\/04\/09\/estreno-del-nuevo-colegio-publico-arcosur-en-zaragoza\/\">[go]<\/a><\/p>\n<p><strong>(7)<\/strong>\u00a0En construcci\u00f3n: <a href=\"http:\/\/magenarquitectos.com\/rehabilitacion-de-los-juzgados-de-sota-zaragoza\/\">Reforma de los Juzgados de Alejandro de la Sota en Zaragoza<\/a>\u00a0\/ In progress: <a href=\"http:\/\/english.magenarquitectos.com\/renovation-of-courthouse-by-alejandro-de-la-sota-zaragoza\/\">Renovation of Law Courts by Alejandro de la Sota in Zaragoza<\/a><\/p>\n<p><strong>(8)<\/strong>\u00a0Primer Premio. Nuevo Centro de Salud en Zaragoza para la UTE Mag\u00e9n Arquitectos SLP \u2013 Barcos y Enr\u00edquez Arquitectos SLP \u00a0<a href=\"http:\/\/blog.magenarquitectos.com\/2018\/10\/16\/equipo-ganador-del-concurso-para-el-nuevo-centro-de-salud-del-barrio-jesus-de-zaragoza\/\">[ir]<\/a> \/ 1st Prize new Health Center in Zaragoza by UTE Mag\u00e9n Arquitectos SLP \u2013 Barcos y Enr\u00edquez Arquitectos SLP\u00a0<a href=\"http:\/\/blog.magenarquitectos.com\/2017\/10\/06\/magen-arquitectos-rehabilitara-los-juzgados-de-de-la-sota-en-zaragoza\/\">[go]<\/a><\/p>\n<p><strong>(9)<\/strong>\u00a0&#8220;Escalas y \u00e1mbitos en la regeneraci\u00f3n de conjuntos residenciales&#8221; en Nuevos enfoques en la rehabilitaci\u00f3n energ\u00e9tica de la vivienda hacia la convergencia europea. C\u00e1tedra Zaragoza Vivienda\u00a0\/\u00a0&#8220;Scales and areas in the regeneration of residential neighbourhoods&#8221; in New approaches in the energy rehabilitation of housing towards European convergence. C\u00e1tedra Zaragoza Vivienda.<\/p>\n<p><strong>(10)<\/strong> En construcci\u00f3n: <a href=\"http:\/\/magenarquitectos.com\/auditorio-de-illueca\/\">Auditorio de Illueca<\/a>\u00a0\/ In progress: <a href=\"http:\/\/english.magenarquitectos.com\/illueca-auditorium\/\">Auditorium in Illueca<\/a><\/p>\n<p><strong>(11) <\/strong>Presentaci\u00f3n del Proyecto de <a href=\"http:\/\/magenarquitectos.com\/facultad-de-filosofia-y-letras-universidad-de-zaragoza\/\">Reforma y Ampliaci\u00f3n de la Facultad de Filosof\u00eda y Letras<\/a> de la Universidad de Zaragoza <a href=\"http:\/\/blog.magenarquitectos.com\/2018\/03\/16\/presentacion-del-proyecto-de-reforma-y-ampliacion-de-la-facultad-de-filosofia-y-letras-de-la-universidad-de-zaragoza\/\">[ir]<\/a> \/ Presentation\u00a0of the Project for <a href=\"http:\/\/english.magenarquitectos.com\/philosophy-faculty-university-of-zaragoza\/\">Renovation and Extension of Philosophy Faculty<\/a> of University of Zaragoza <a href=\"http:\/\/blog.magenarquitectos.com\/2018\/03\/16\/presentacion-del-proyecto-de-reforma-y-ampliacion-de-la-facultad-de-filosofia-y-letras-de-la-universidad-de-zaragoza\/\">[go]<\/a><\/p>\n","protected":false},"excerpt":{"rendered":"<p>(1)\u00a0Nueva oficina de Arquia Banca en Zaragoza\u00a0\/ New office of Arquia Banca in Zaragoza (2)\u00a0Centro Escolar y Polideportivo en Berl\u00edn \/ Primary School and Sports Hall in Berlin (3) Ampliaci\u00f3n del IES Torre de los Espejos\u00a0\/ Extension of Torre de los Espejos High School (4)\u00a0Francisco J. Mag\u00e9n, PassiveHaus Designer certificado\u00a0[ir] \/ Francisco J. Mag\u00e9n, certified [&hellip;]<\/p>\n","protected":false},"author":1,"featured_media":0,"comment_status":"open","ping_status":"open","sticky":false,"template":"","format":"standard","meta":{"_monsterinsights_skip_tracking":false,"_monsterinsights_sitenote_active":false,"_monsterinsights_sitenote_note":"","_monsterinsights_sitenote_category":0},"categories":[86,195,175,200,220,202,75,196,76,212,213,164,77,78,97,65,66,67,139,223,132,204,69,125,130,217,113,90,194,92,131,165,146,95,117],"tags":[100,115,129,134,79,80,140,141,142,93,94,82,83,74],"_links":{"self":[{"href":"https:\/\/magenarquitectos.com\/en\/wp-json\/wp\/v2\/posts\/9847"}],"collection":[{"href":"https:\/\/magenarquitectos.com\/en\/wp-json\/wp\/v2\/posts"}],"about":[{"href":"https:\/\/magenarquitectos.com\/en\/wp-json\/wp\/v2\/types\/post"}],"author":[{"embeddable":true,"href":"https:\/\/magenarquitectos.com\/en\/wp-json\/wp\/v2\/users\/1"}],"replies":[{"embeddable":true,"href":"https:\/\/magenarquitectos.com\/en\/wp-json\/wp\/v2\/comments?post=9847"}],"version-history":[{"count":3,"href":"https:\/\/magenarquitectos.com\/en\/wp-json\/wp\/v2\/posts\/9847\/revisions"}],"predecessor-version":[{"id":14906,"href":"https:\/\/magenarquitectos.com\/en\/wp-json\/wp\/v2\/posts\/9847\/revisions\/14906"}],"wp:attachment":[{"href":"https:\/\/magenarquitectos.com\/en\/wp-json\/wp\/v2\/media?parent=9847"}],"wp:term":[{"taxonomy":"category","embeddable":true,"href":"https:\/\/magenarquitectos.com\/en\/wp-json\/wp\/v2\/categories?post=9847"},{"taxonomy":"post_tag","embeddable":true,"href":"https:\/\/magenarquitectos.com\/en\/wp-json\/wp\/v2\/tags?post=9847"}],"curies":[{"name":"wp","href":"https:\/\/api.w.org\/{rel}","templated":true}]}}