{"id":9882,"date":"2019-02-08T09:15:20","date_gmt":"2019-02-08T08:15:20","guid":{"rendered":"http:\/\/blog.magenarquitectos.com\/?p=9882"},"modified":"2021-06-17T10:02:29","modified_gmt":"2021-06-17T10:02:29","slug":"libro-nuevos-enfoques-en-la-rehabilitacion-energetica","status":"publish","type":"post","link":"https:\/\/magenarquitectos.com\/en\/libro-nuevos-enfoques-en-la-rehabilitacion-energetica\/","title":{"rendered":"Libro &#8220;Nuevos enfoques en la Rehabilitaci\u00f3n Energ\u00e9tica&#8221;"},"content":{"rendered":"<p style=\"text-align: left;\"><img loading=\"lazy\" class=\"alignleft size-full wp-image-9883\" src=\"https:\/\/magenarquitectos.com\/wp-content\/uploads\/2021\/06\/portada_CZV.jpg\" alt=\"PORTADAVOL3 C OK\" width=\"836\" height=\"1181\" title=\"\"><\/p>\n<p style=\"text-align: left;\">\n<p style=\"text-align: left;\">\n<p style=\"text-align: left;\">\n<p style=\"text-align: left;\">\n<p style=\"text-align: left;\">\n<p style=\"text-align: left;\">\n<p style=\"text-align: left;\">\n<p style=\"text-align: left;\">\n<p style=\"text-align: left;\">\n<p style=\"text-align: left;\">\n<p style=\"text-align: left;\">\n<p style=\"text-align: left;\">\n<p style=\"text-align: left;\">\n<p style=\"text-align: left;\">\n<p style=\"text-align: left;\">\n<p style=\"text-align: left;\">\n<p style=\"text-align: left;\">\n<p style=\"text-align: left;\">\n<p style=\"text-align: left;\">\n<p style=\"text-align: left;\">\n<p style=\"text-align: left;\">\n<p style=\"text-align: left;\">\n<p style=\"text-align: left;\">\n<p style=\"text-align: left;\">\n<p style=\"text-align: left;\">\n<p style=\"text-align: left;\">\n<p style=\"text-align: left;\">\n<p style=\"text-align: left;\">\n<p style=\"text-align: left;\">\n<p style=\"text-align: left;\">\n<p style=\"text-align: left;\">\n<p style=\"text-align: left;\">La C\u00e1tedra Zaragoza Vivienda\u00a0publica el libro &#8220;Nuevos enfoques en la Rehabilitaci\u00f3n Energ\u00e9tica de la vivienda hacia la convergencia europea. La viveinda social en Zaragoza, 1939-1979&#8221; que recoge las conclusiones finales del proyecto de investigaci\u00f3n EcoREGEN de la Universidad de Zaragoza, liderado por el Grupo de Investigaci\u00f3n en Arquitectura de la Universidad de Zaragoza y financiado por el Ministerio de Econom\u00eda y Competitividad en 2013-2017.<\/p>\n<p style=\"text-align: left;\">En este libro los autores realizan una propuesta de un conjunto de indicadores que permitan el diagn\u00f3stico f\u00edsico de la vivienda, a utilizar junto con indicadores socioecon\u00f3micos, para la definici\u00f3n de estrategias locales de rehabilitaci\u00f3n. Definen asimiso directrices referentes a la gesti\u00f3n del impulso de la rehabilitaci\u00f3n, la consideraci\u00f3n del valor hist\u00f3rico y paisaj\u00edstico de lo existente, y la puesta en valor del espacio p\u00fablico como facilitador de la construcci\u00f3n de los capitales social y simb\u00f3lico. Se incluye el art\u00edculo\u00a0&#8220;Escalas y \u00e1mbitos en \u00a0la regeneraci\u00f3n de conjuntos residenciales&#8221;, elaborado por Noelia Cervero, Francisco Javier Mag\u00e9n y Almudena Espinosa.<\/p>\n<p style=\"text-align: left;\">Esp, 29,5&#215;21 cm, 325 p. &#8211; ISBN 978-84-17358-41-9<\/p>\n<p style=\"text-align: left;\">Libro descargable <a href=\"https:\/\/catedrazaragozavivienda.wordpress.com\/2019\/01\/17\/libro-nuevos-enfoques-en-la-rehabilitacion-energetica-de-la-vivienda-hacia-la-convergencia-europea-la-vivienda-social-en-zaragoza-1939-1979\/\" rel=\"nofollow noopener\" target=\"_blank\">aqu\u00ed.<\/a><\/p>\n","protected":false},"excerpt":{"rendered":"<p>La C\u00e1tedra Zaragoza Vivienda\u00a0publica el libro &#8220;Nuevos enfoques en la Rehabilitaci\u00f3n Energ\u00e9tica de la vivienda hacia la convergencia europea. La viveinda social en Zaragoza, 1939-1979&#8221; que recoge las conclusiones finales del proyecto de investigaci\u00f3n EcoREGEN de la Universidad de Zaragoza, liderado por el Grupo de Investigaci\u00f3n en Arquitectura de la Universidad de Zaragoza y financiado [&hellip;]<\/p>\n","protected":false},"author":1,"featured_media":0,"comment_status":"open","ping_status":"open","sticky":false,"template":"","format":"standard","meta":{"_monsterinsights_skip_tracking":false,"_monsterinsights_sitenote_active":false,"_monsterinsights_sitenote_note":"","_monsterinsights_sitenote_category":0},"categories":[130,131],"tags":[115,74],"_links":{"self":[{"href":"https:\/\/magenarquitectos.com\/en\/wp-json\/wp\/v2\/posts\/9882"}],"collection":[{"href":"https:\/\/magenarquitectos.com\/en\/wp-json\/wp\/v2\/posts"}],"about":[{"href":"https:\/\/magenarquitectos.com\/en\/wp-json\/wp\/v2\/types\/post"}],"author":[{"embeddable":true,"href":"https:\/\/magenarquitectos.com\/en\/wp-json\/wp\/v2\/users\/1"}],"replies":[{"embeddable":true,"href":"https:\/\/magenarquitectos.com\/en\/wp-json\/wp\/v2\/comments?post=9882"}],"version-history":[{"count":1,"href":"https:\/\/magenarquitectos.com\/en\/wp-json\/wp\/v2\/posts\/9882\/revisions"}],"predecessor-version":[{"id":12208,"href":"https:\/\/magenarquitectos.com\/en\/wp-json\/wp\/v2\/posts\/9882\/revisions\/12208"}],"wp:attachment":[{"href":"https:\/\/magenarquitectos.com\/en\/wp-json\/wp\/v2\/media?parent=9882"}],"wp:term":[{"taxonomy":"category","embeddable":true,"href":"https:\/\/magenarquitectos.com\/en\/wp-json\/wp\/v2\/categories?post=9882"},{"taxonomy":"post_tag","embeddable":true,"href":"https:\/\/magenarquitectos.com\/en\/wp-json\/wp\/v2\/tags?post=9882"}],"curies":[{"name":"wp","href":"https:\/\/api.w.org\/{rel}","templated":true}]}}