{"id":9889,"date":"2019-02-13T09:15:59","date_gmt":"2019-02-13T08:15:59","guid":{"rendered":"http:\/\/blog.magenarquitectos.com\/?p=9889"},"modified":"2021-06-17T10:02:29","modified_gmt":"2021-06-17T10:02:29","slug":"finalizadas-las-obras-de-la-rehabilitacion-de-los-juzgados-de-zaragoza-de-alejandro-de-la-sota","status":"publish","type":"post","link":"https:\/\/magenarquitectos.com\/en\/finalizadas-las-obras-de-la-rehabilitacion-de-los-juzgados-de-zaragoza-de-alejandro-de-la-sota\/","title":{"rendered":"Finalizadas las obras de la Rehabilitaci\u00f3n de los Juzgados de Zaragoza, de Alejandro de la Sota"},"content":{"rendered":"<p>Mag\u00e9n Arquitectos ha finalizado la\u00a01\u00aa fase de la Rehabilitaci\u00f3n de los Juzgados de Zaragoza, de Alejandro de la Sota. El edificio A albergar\u00e1 la Direcci\u00f3n Provincial del Instituto Aragon\u00e9s de Servicios Sociales (IASS).<\/p>\n<p><img loading=\"lazy\" class=\"size-full wp-image-9890 aligncenter\" src=\"https:\/\/magenarquitectos.com\/wp-content\/uploads\/2021\/06\/IMG_1282.jpg\" alt=\"Magen Arquitectos Zaragoza\" width=\"850\" height=\"886\" title=\"\"><\/p>\n<p>+info: <a href=\"http:\/\/magenarquitectos.com\/rehabilitacion-de-los-juzgados-de-sota-zaragoza\/\">Rehabilitaci\u00f3n de los Juzgados de Sota<\/a>, <a href=\"http:\/\/english.magenarquitectos.com\/renovation-of-courthouse-by-alejandro-de-la-sota-zaragoza\/\">Renovation of Courthouse by Alejandro de la Sota<\/a><\/p>\n","protected":false},"excerpt":{"rendered":"<p>Mag\u00e9n Arquitectos ha finalizado la\u00a01\u00aa fase de la Rehabilitaci\u00f3n de los Juzgados de Zaragoza, de Alejandro de la Sota. El edificio A albergar\u00e1 la Direcci\u00f3n Provincial del Instituto Aragon\u00e9s de Servicios Sociales (IASS). +info: Rehabilitaci\u00f3n de los Juzgados de Sota, Renovation of Courthouse by Alejandro de la Sota<\/p>\n","protected":false},"author":1,"featured_media":0,"comment_status":"open","ping_status":"open","sticky":false,"template":"","format":"standard","meta":{"_monsterinsights_skip_tracking":false,"_monsterinsights_sitenote_active":false,"_monsterinsights_sitenote_note":"","_monsterinsights_sitenote_category":0},"categories":[77,97],"tags":[100,115,93,94,74],"_links":{"self":[{"href":"https:\/\/magenarquitectos.com\/en\/wp-json\/wp\/v2\/posts\/9889"}],"collection":[{"href":"https:\/\/magenarquitectos.com\/en\/wp-json\/wp\/v2\/posts"}],"about":[{"href":"https:\/\/magenarquitectos.com\/en\/wp-json\/wp\/v2\/types\/post"}],"author":[{"embeddable":true,"href":"https:\/\/magenarquitectos.com\/en\/wp-json\/wp\/v2\/users\/1"}],"replies":[{"embeddable":true,"href":"https:\/\/magenarquitectos.com\/en\/wp-json\/wp\/v2\/comments?post=9889"}],"version-history":[{"count":1,"href":"https:\/\/magenarquitectos.com\/en\/wp-json\/wp\/v2\/posts\/9889\/revisions"}],"predecessor-version":[{"id":12205,"href":"https:\/\/magenarquitectos.com\/en\/wp-json\/wp\/v2\/posts\/9889\/revisions\/12205"}],"wp:attachment":[{"href":"https:\/\/magenarquitectos.com\/en\/wp-json\/wp\/v2\/media?parent=9889"}],"wp:term":[{"taxonomy":"category","embeddable":true,"href":"https:\/\/magenarquitectos.com\/en\/wp-json\/wp\/v2\/categories?post=9889"},{"taxonomy":"post_tag","embeddable":true,"href":"https:\/\/magenarquitectos.com\/en\/wp-json\/wp\/v2\/tags?post=9889"}],"curies":[{"name":"wp","href":"https:\/\/api.w.org\/{rel}","templated":true}]}}