{"id":9896,"date":"2019-02-15T11:52:12","date_gmt":"2019-02-15T10:52:12","guid":{"rendered":"http:\/\/blog.magenarquitectos.com\/?p=9896"},"modified":"2021-06-17T10:02:29","modified_gmt":"2021-06-17T10:02:29","slug":"filosofia-mira-al-futuro-el-periodico-de-aragon","status":"publish","type":"post","link":"https:\/\/magenarquitectos.com\/en\/filosofia-mira-al-futuro-el-periodico-de-aragon\/","title":{"rendered":"&#8220;Filosof\u00eda mira al futuro&#8221;. El Peri\u00f3dico de Arag\u00f3n"},"content":{"rendered":"<p><img loading=\"lazy\" class=\"alignleft size-full wp-image-9897\" src=\"https:\/\/magenarquitectos.com\/wp-content\/uploads\/2021\/06\/190215_z0_p231.jpg\" alt=\"190215_z0_p231\" width=\"1502\" height=\"2035\" title=\"\"><\/p>\n<p>&nbsp;<\/p>\n<p>+info: <a href=\"http:\/\/magenarquitectos.com\/facultad-de-filosofia-y-letras-universidad-de-zaragoza\/\">Facultad de Filosof\u00eda y Letras de la Universidad de Zaragoza<\/a>, <a href=\"http:\/\/english.magenarquitectos.com\/philosophy-faculty-university-of-zaragoza\/\">Philosophy Faculty University of Zaragoza<\/a><\/p>\n","protected":false},"excerpt":{"rendered":"<p>&nbsp; +info: Facultad de Filosof\u00eda y Letras de la Universidad de Zaragoza, Philosophy Faculty University of Zaragoza<\/p>\n","protected":false},"author":1,"featured_media":0,"comment_status":"open","ping_status":"open","sticky":false,"template":"","format":"standard","meta":{"_monsterinsights_skip_tracking":false,"_monsterinsights_sitenote_active":false,"_monsterinsights_sitenote_note":"","_monsterinsights_sitenote_category":0},"categories":[97,65,139,90,194],"tags":[115,134,80,93,94,82,83,74],"_links":{"self":[{"href":"https:\/\/magenarquitectos.com\/en\/wp-json\/wp\/v2\/posts\/9896"}],"collection":[{"href":"https:\/\/magenarquitectos.com\/en\/wp-json\/wp\/v2\/posts"}],"about":[{"href":"https:\/\/magenarquitectos.com\/en\/wp-json\/wp\/v2\/types\/post"}],"author":[{"embeddable":true,"href":"https:\/\/magenarquitectos.com\/en\/wp-json\/wp\/v2\/users\/1"}],"replies":[{"embeddable":true,"href":"https:\/\/magenarquitectos.com\/en\/wp-json\/wp\/v2\/comments?post=9896"}],"version-history":[{"count":1,"href":"https:\/\/magenarquitectos.com\/en\/wp-json\/wp\/v2\/posts\/9896\/revisions"}],"predecessor-version":[{"id":12202,"href":"https:\/\/magenarquitectos.com\/en\/wp-json\/wp\/v2\/posts\/9896\/revisions\/12202"}],"wp:attachment":[{"href":"https:\/\/magenarquitectos.com\/en\/wp-json\/wp\/v2\/media?parent=9896"}],"wp:term":[{"taxonomy":"category","embeddable":true,"href":"https:\/\/magenarquitectos.com\/en\/wp-json\/wp\/v2\/categories?post=9896"},{"taxonomy":"post_tag","embeddable":true,"href":"https:\/\/magenarquitectos.com\/en\/wp-json\/wp\/v2\/tags?post=9896"}],"curies":[{"name":"wp","href":"https:\/\/api.w.org\/{rel}","templated":true}]}}