{"id":9899,"date":"2019-02-22T19:28:20","date_gmt":"2019-02-22T18:28:20","guid":{"rendered":"http:\/\/blog.magenarquitectos.com\/?p=9899"},"modified":"2021-06-17T10:02:29","modified_gmt":"2021-06-17T10:02:29","slug":"en-construccion-pabellon-cafe-restaurante-estadio-miralbueno-el-olivar","status":"publish","type":"post","link":"https:\/\/magenarquitectos.com\/en\/en-construccion-pabellon-cafe-restaurante-estadio-miralbueno-el-olivar\/","title":{"rendered":"En construcci\u00f3n: Pabell\u00f3n caf\u00e9-restaurante. Estadio Miralbueno &#8220;El Olivar&#8221;"},"content":{"rendered":"<p><img loading=\"lazy\" class=\"alignleft size-large wp-image-9900\" src=\"https:\/\/magenarquitectos.com\/wp-content\/uploads\/2021\/06\/IMG_6183-1024x1024.jpg\" alt=\"Mag\u00e9n arquitectos Zaragoza\" width=\"640\" height=\"640\" title=\"\"><\/p>\n","protected":false},"excerpt":{"rendered":"","protected":false},"author":1,"featured_media":0,"comment_status":"open","ping_status":"open","sticky":false,"template":"","format":"standard","meta":{"_monsterinsights_skip_tracking":false,"_monsterinsights_sitenote_active":false,"_monsterinsights_sitenote_note":"","_monsterinsights_sitenote_category":0},"categories":[212,213,97,65,117],"tags":[115,71,72,74],"_links":{"self":[{"href":"https:\/\/magenarquitectos.com\/en\/wp-json\/wp\/v2\/posts\/9899"}],"collection":[{"href":"https:\/\/magenarquitectos.com\/en\/wp-json\/wp\/v2\/posts"}],"about":[{"href":"https:\/\/magenarquitectos.com\/en\/wp-json\/wp\/v2\/types\/post"}],"author":[{"embeddable":true,"href":"https:\/\/magenarquitectos.com\/en\/wp-json\/wp\/v2\/users\/1"}],"replies":[{"embeddable":true,"href":"https:\/\/magenarquitectos.com\/en\/wp-json\/wp\/v2\/comments?post=9899"}],"version-history":[{"count":1,"href":"https:\/\/magenarquitectos.com\/en\/wp-json\/wp\/v2\/posts\/9899\/revisions"}],"predecessor-version":[{"id":12199,"href":"https:\/\/magenarquitectos.com\/en\/wp-json\/wp\/v2\/posts\/9899\/revisions\/12199"}],"wp:attachment":[{"href":"https:\/\/magenarquitectos.com\/en\/wp-json\/wp\/v2\/media?parent=9899"}],"wp:term":[{"taxonomy":"category","embeddable":true,"href":"https:\/\/magenarquitectos.com\/en\/wp-json\/wp\/v2\/categories?post=9899"},{"taxonomy":"post_tag","embeddable":true,"href":"https:\/\/magenarquitectos.com\/en\/wp-json\/wp\/v2\/tags?post=9899"}],"curies":[{"name":"wp","href":"https:\/\/api.w.org\/{rel}","templated":true}]}}