{"id":9921,"date":"2019-03-14T13:53:10","date_gmt":"2019-03-14T12:53:10","guid":{"rendered":"http:\/\/blog.magenarquitectos.com\/?p=9921"},"modified":"2021-06-17T10:02:29","modified_gmt":"2021-06-17T10:02:29","slug":"reforma-y-ampliacion-de-la-facultad-de-filosofia-y-letras-de-la-universidad-de-zaragoza-en-construccion","status":"publish","type":"post","link":"https:\/\/magenarquitectos.com\/en\/reforma-y-ampliacion-de-la-facultad-de-filosofia-y-letras-de-la-universidad-de-zaragoza-en-construccion\/","title":{"rendered":"Reforma y Ampliaci\u00f3n de la Facultad de Filosof\u00eda y Letras de la Universidad de Zaragoza. En construcci\u00f3n"},"content":{"rendered":"<p><a href=\"https:\/\/www.heraldo.es\/noticias\/aragon\/2019\/03\/14\/universidad-de-zaragoza-aragon-zaragoza-filosofia-y-letraslatras-1302928.html\" rel=\"nofollow noopener\" target=\"_blank\">Ir a noticia en Heraldo.es<\/a><\/p>\n<p><img loading=\"lazy\" class=\"alignleft size-full wp-image-9922\" src=\"https:\/\/magenarquitectos.com\/wp-content\/uploads\/2021\/06\/el-historico-pabellon-de-filologia-es-ya-escombros-las-maquinas-acabaron-ayer-su-derribo-1.jpg\" alt=\"Magen Arquitectos Zaragoza\" width=\"990\" height=\"742\" title=\"\"><\/p>\n","protected":false},"excerpt":{"rendered":"<p>Ir a noticia en Heraldo.es<\/p>\n","protected":false},"author":1,"featured_media":0,"comment_status":"open","ping_status":"open","sticky":false,"template":"","format":"standard","meta":{"_monsterinsights_skip_tracking":false,"_monsterinsights_sitenote_active":false,"_monsterinsights_sitenote_note":"","_monsterinsights_sitenote_category":0},"categories":[76,78,97,65,139,117],"tags":[115,80,140,93,94,166,74],"_links":{"self":[{"href":"https:\/\/magenarquitectos.com\/en\/wp-json\/wp\/v2\/posts\/9921"}],"collection":[{"href":"https:\/\/magenarquitectos.com\/en\/wp-json\/wp\/v2\/posts"}],"about":[{"href":"https:\/\/magenarquitectos.com\/en\/wp-json\/wp\/v2\/types\/post"}],"author":[{"embeddable":true,"href":"https:\/\/magenarquitectos.com\/en\/wp-json\/wp\/v2\/users\/1"}],"replies":[{"embeddable":true,"href":"https:\/\/magenarquitectos.com\/en\/wp-json\/wp\/v2\/comments?post=9921"}],"version-history":[{"count":1,"href":"https:\/\/magenarquitectos.com\/en\/wp-json\/wp\/v2\/posts\/9921\/revisions"}],"predecessor-version":[{"id":12189,"href":"https:\/\/magenarquitectos.com\/en\/wp-json\/wp\/v2\/posts\/9921\/revisions\/12189"}],"wp:attachment":[{"href":"https:\/\/magenarquitectos.com\/en\/wp-json\/wp\/v2\/media?parent=9921"}],"wp:term":[{"taxonomy":"category","embeddable":true,"href":"https:\/\/magenarquitectos.com\/en\/wp-json\/wp\/v2\/categories?post=9921"},{"taxonomy":"post_tag","embeddable":true,"href":"https:\/\/magenarquitectos.com\/en\/wp-json\/wp\/v2\/tags?post=9921"}],"curies":[{"name":"wp","href":"https:\/\/api.w.org\/{rel}","templated":true}]}}