{"id":9932,"date":"2019-03-25T18:43:46","date_gmt":"2019-03-25T17:43:46","guid":{"rendered":"http:\/\/blog.magenarquitectos.com\/?p=9932"},"modified":"2021-06-17T10:02:29","modified_gmt":"2021-06-17T10:02:29","slug":"la-direccion-provincial-del-iass-de-estreno-heraldo-de-aragon","status":"publish","type":"post","link":"https:\/\/magenarquitectos.com\/en\/la-direccion-provincial-del-iass-de-estreno-heraldo-de-aragon\/","title":{"rendered":"&#8220;La Direcci\u00f3n Provincial del IASS, de estreno&#8221;. Heraldo de Arag\u00f3n"},"content":{"rendered":"<p>La nueva sede de la Direcci\u00f3n Provincial del Instituto Aragon\u00e9s de Servicios Sociales (IASS), en el edificio\u00a0A\u00a0de los Antiguos Juzgados de la Plaza del Pilar, ha abierto este lunes sus puertas al p\u00fablico.\u00a0A estas instalaciones se han trasladado los servicios que antes atend\u00edan en el paseo Rosales y el de dependencia que se ubicaba en el paseo Mar\u00eda Agust\u00edn, 16, con una plantilla de entre 150 y 160 funcionarios. (<a href=\"https:\/\/www.heraldo.es\/noticias\/aragon\/2019\/03\/25\/la-direccion-provincial-del-iass-de-estreno-en-la-plaza-del-pilar-de-zaragoza-1305479.html\" rel=\"nofollow noopener\" target=\"_blank\">Heraldo de Arag\u00f3n<\/a>)<\/p>\n<p>La\u00a0actuaci\u00f3n ha sido proyectada y dirigida por Mag\u00e9n Arquitectos, como resultado de los concursos convocados por el IASS. En breve, comenzar\u00e1 la 2\u00aa fase de las obras de rehabilitaci\u00f3n, que comprender\u00e1 el conjunto de los Juzgados de Zaragoza, proyectados\u00a0por Alejandro de la Sota en 1986.<\/p>\n<p><img loading=\"lazy\" class=\"alignleft size-full wp-image-9933\" src=\"https:\/\/magenarquitectos.com\/wp-content\/uploads\/2021\/06\/m9a7886-edited.jpg\" alt=\"Magen Arquitectos Zaragoza\" width=\"980\" height=\"654\" title=\"\"><\/p>\n<p>&nbsp;<\/p>\n<p>+info: <a href=\"http:\/\/magenarquitectos.com\/rehabilitacion-de-los-juzgados-de-sota-zaragoza\/\">Rehabilitaci\u00f3n de los Juzgados de Sota<\/a>, <a href=\"http:\/\/english.magenarquitectos.com\/renovation-of-courthouse-by-alejandro-de-la-sota-zaragoza\/\">Renovation of Courthouse by Alejandro de la Sota<\/a><\/p>\n","protected":false},"excerpt":{"rendered":"<p>La nueva sede de la Direcci\u00f3n Provincial del Instituto Aragon\u00e9s de Servicios Sociales (IASS), en el edificio\u00a0A\u00a0de los Antiguos Juzgados de la Plaza del Pilar, ha abierto este lunes sus puertas al p\u00fablico.\u00a0A estas instalaciones se han trasladado los servicios que antes atend\u00edan en el paseo Rosales y el de dependencia que se ubicaba en [&hellip;]<\/p>\n","protected":false},"author":1,"featured_media":0,"comment_status":"open","ping_status":"open","sticky":false,"template":"","format":"standard","meta":{"_monsterinsights_skip_tracking":false,"_monsterinsights_sitenote_active":false,"_monsterinsights_sitenote_note":"","_monsterinsights_sitenote_category":0},"categories":[77,65],"tags":[115,93,94,74],"_links":{"self":[{"href":"https:\/\/magenarquitectos.com\/en\/wp-json\/wp\/v2\/posts\/9932"}],"collection":[{"href":"https:\/\/magenarquitectos.com\/en\/wp-json\/wp\/v2\/posts"}],"about":[{"href":"https:\/\/magenarquitectos.com\/en\/wp-json\/wp\/v2\/types\/post"}],"author":[{"embeddable":true,"href":"https:\/\/magenarquitectos.com\/en\/wp-json\/wp\/v2\/users\/1"}],"replies":[{"embeddable":true,"href":"https:\/\/magenarquitectos.com\/en\/wp-json\/wp\/v2\/comments?post=9932"}],"version-history":[{"count":1,"href":"https:\/\/magenarquitectos.com\/en\/wp-json\/wp\/v2\/posts\/9932\/revisions"}],"predecessor-version":[{"id":12183,"href":"https:\/\/magenarquitectos.com\/en\/wp-json\/wp\/v2\/posts\/9932\/revisions\/12183"}],"wp:attachment":[{"href":"https:\/\/magenarquitectos.com\/en\/wp-json\/wp\/v2\/media?parent=9932"}],"wp:term":[{"taxonomy":"category","embeddable":true,"href":"https:\/\/magenarquitectos.com\/en\/wp-json\/wp\/v2\/categories?post=9932"},{"taxonomy":"post_tag","embeddable":true,"href":"https:\/\/magenarquitectos.com\/en\/wp-json\/wp\/v2\/tags?post=9932"}],"curies":[{"name":"wp","href":"https:\/\/api.w.org\/{rel}","templated":true}]}}