{"id":9949,"date":"2019-03-31T20:14:52","date_gmt":"2019-03-31T18:14:52","guid":{"rendered":"http:\/\/blog.magenarquitectos.com\/?p=9949"},"modified":"2021-06-17T10:02:29","modified_gmt":"2021-06-17T10:02:29","slug":"concurso-para-un-edificio-de-viviendas-en-zaragoza-primer-premio","status":"publish","type":"post","link":"https:\/\/magenarquitectos.com\/en\/concurso-para-un-edificio-de-viviendas-en-zaragoza-primer-premio\/","title":{"rendered":"Concurso para un Edificio de Viviendas en Zaragoza. Primer Premio"},"content":{"rendered":"<p>La propuesta presentada por Mag\u00e9n Arquitectos ha\u00a0sido la\u00a0ganadora\u00a0del concurso, de car\u00e1cter restringido y an\u00f3nimo, convocado por Avantespacia, para un Edificio Residencial en la calle Franco y L\u00f3pez n\u00ba 18-20, de Zaragoza.<\/p>\n<p><img loading=\"lazy\" class=\"alignleft size-full wp-image-9950\" src=\"https:\/\/magenarquitectos.com\/wp-content\/uploads\/2021\/06\/francoylopez.jpg\" alt=\"magen arquitectos zaragoza\" width=\"1430\" height=\"914\" title=\"\"><\/p>\n","protected":false},"excerpt":{"rendered":"<p>La propuesta presentada por Mag\u00e9n Arquitectos ha\u00a0sido la\u00a0ganadora\u00a0del concurso, de car\u00e1cter restringido y an\u00f3nimo, convocado por Avantespacia, para un Edificio Residencial en la calle Franco y L\u00f3pez n\u00ba 18-20, de Zaragoza.<\/p>\n","protected":false},"author":1,"featured_media":0,"comment_status":"open","ping_status":"open","sticky":false,"template":"","format":"standard","meta":{"_monsterinsights_skip_tracking":false,"_monsterinsights_sitenote_active":false,"_monsterinsights_sitenote_note":"","_monsterinsights_sitenote_category":0},"categories":[195,202,75,113,95],"tags":[],"_links":{"self":[{"href":"https:\/\/magenarquitectos.com\/en\/wp-json\/wp\/v2\/posts\/9949"}],"collection":[{"href":"https:\/\/magenarquitectos.com\/en\/wp-json\/wp\/v2\/posts"}],"about":[{"href":"https:\/\/magenarquitectos.com\/en\/wp-json\/wp\/v2\/types\/post"}],"author":[{"embeddable":true,"href":"https:\/\/magenarquitectos.com\/en\/wp-json\/wp\/v2\/users\/1"}],"replies":[{"embeddable":true,"href":"https:\/\/magenarquitectos.com\/en\/wp-json\/wp\/v2\/comments?post=9949"}],"version-history":[{"count":1,"href":"https:\/\/magenarquitectos.com\/en\/wp-json\/wp\/v2\/posts\/9949\/revisions"}],"predecessor-version":[{"id":12174,"href":"https:\/\/magenarquitectos.com\/en\/wp-json\/wp\/v2\/posts\/9949\/revisions\/12174"}],"wp:attachment":[{"href":"https:\/\/magenarquitectos.com\/en\/wp-json\/wp\/v2\/media?parent=9949"}],"wp:term":[{"taxonomy":"category","embeddable":true,"href":"https:\/\/magenarquitectos.com\/en\/wp-json\/wp\/v2\/categories?post=9949"},{"taxonomy":"post_tag","embeddable":true,"href":"https:\/\/magenarquitectos.com\/en\/wp-json\/wp\/v2\/tags?post=9949"}],"curies":[{"name":"wp","href":"https:\/\/api.w.org\/{rel}","templated":true}]}}