{"id":9967,"date":"2019-04-12T10:00:22","date_gmt":"2019-04-12T08:00:22","guid":{"rendered":"http:\/\/blog.magenarquitectos.com\/?p=9967"},"modified":"2021-06-17T10:02:29","modified_gmt":"2021-06-17T10:02:29","slug":"reforma-y-ampliacion-de-la-facultad-de-filosofia-y-letras-de-la-universidad-de-zaragoza-en-construccion-2","status":"publish","type":"post","link":"https:\/\/magenarquitectos.com\/en\/reforma-y-ampliacion-de-la-facultad-de-filosofia-y-letras-de-la-universidad-de-zaragoza-en-construccion-2\/","title":{"rendered":"Reforma y Ampliaci\u00f3n de la Facultad de Filosof\u00eda y Letras de la Universidad de Zaragoza. En construcci\u00f3n"},"content":{"rendered":"<p><img loading=\"lazy\" class=\"alignleft size-full wp-image-9968\" src=\"https:\/\/magenarquitectos.com\/wp-content\/uploads\/2021\/06\/D3Y7E20WkAAoP8x.jpg\" alt=\"D3Y7E20WkAAoP8x\" width=\"1200\" height=\"1200\" title=\"\"><\/p>\n<p>+ info: <a href=\"http:\/\/magenarquitectos.com\/facultad-de-filosofia-y-letras-universidad-de-zaragoza\/\">Facultad de Filosof\u00eda<\/a>, <a href=\"http:\/\/english.magenarquitectos.com\/philosophy-faculty-university-of-zaragoza\/\">Philosophy Faculty<\/a><\/p>\n","protected":false},"excerpt":{"rendered":"<p>+ info: Facultad de Filosof\u00eda, Philosophy Faculty<\/p>\n","protected":false},"author":1,"featured_media":0,"comment_status":"open","ping_status":"open","sticky":false,"template":"","format":"standard","meta":{"_monsterinsights_skip_tracking":false,"_monsterinsights_sitenote_active":false,"_monsterinsights_sitenote_note":"","_monsterinsights_sitenote_category":0},"categories":[76,78,97,65,139,117],"tags":[115,80,93,94,166,74],"_links":{"self":[{"href":"https:\/\/magenarquitectos.com\/en\/wp-json\/wp\/v2\/posts\/9967"}],"collection":[{"href":"https:\/\/magenarquitectos.com\/en\/wp-json\/wp\/v2\/posts"}],"about":[{"href":"https:\/\/magenarquitectos.com\/en\/wp-json\/wp\/v2\/types\/post"}],"author":[{"embeddable":true,"href":"https:\/\/magenarquitectos.com\/en\/wp-json\/wp\/v2\/users\/1"}],"replies":[{"embeddable":true,"href":"https:\/\/magenarquitectos.com\/en\/wp-json\/wp\/v2\/comments?post=9967"}],"version-history":[{"count":1,"href":"https:\/\/magenarquitectos.com\/en\/wp-json\/wp\/v2\/posts\/9967\/revisions"}],"predecessor-version":[{"id":12166,"href":"https:\/\/magenarquitectos.com\/en\/wp-json\/wp\/v2\/posts\/9967\/revisions\/12166"}],"wp:attachment":[{"href":"https:\/\/magenarquitectos.com\/en\/wp-json\/wp\/v2\/media?parent=9967"}],"wp:term":[{"taxonomy":"category","embeddable":true,"href":"https:\/\/magenarquitectos.com\/en\/wp-json\/wp\/v2\/categories?post=9967"},{"taxonomy":"post_tag","embeddable":true,"href":"https:\/\/magenarquitectos.com\/en\/wp-json\/wp\/v2\/tags?post=9967"}],"curies":[{"name":"wp","href":"https:\/\/api.w.org\/{rel}","templated":true}]}}